{"id":1195,"date":"2011-04-01T10:46:00","date_gmt":"2011-04-01T07:46:00","guid":{"rendered":"http:\/\/31.217.196.224\/~ebseoxbm\/?p=1195"},"modified":"2021-08-30T11:43:29","modified_gmt":"2021-08-30T08:43:29","slug":"fazer-nayttelytila-2","status":"publish","type":"post","link":"https:\/\/puredesign.fi\/en\/fazer-visitor-space\/","title":{"rendered":"Fazer - visitor space in confectionery factory"},"content":{"rendered":"<p>120-vuotisjuhlaa viett\u00e4v\u00e4n Fazerin Vaaralan suklaatehtaan uuden vierailuk\u00e4yt\u00e4v\u00e4n el\u00e4myksellinen tila syntyi valosuunnittelija Ilkka Paloniemen\/ Teakon ja Pure Design -tiimin yhteisty\u00f6n\u00e4. Tilasta luotiin mieleenpainuva n\u00e4yttelykokemus, jossa vierailijat tutustuvat Fazerin v\u00e4rikk\u00e4\u00e4seen historiaan sek\u00e4 sen monipuoliseen ja maukkaaseen nykyp\u00e4iv\u00e4\u00e4n. Tila avattiin yleis\u00f6lle Vaaralan Fazerilassa 23.3.2011.<\/p>\n\n\n\n<figure class=\"wp-block-image size-full\"><img decoding=\"async\" width=\"199\" height=\"199\" src=\"https:\/\/puredesign.fi\/wp-content\/uploads\/2021\/07\/fazernew2.jpg\" alt=\"\" class=\"wp-image-1196\" srcset=\"https:\/\/puredesign.fi\/wp-content\/uploads\/2021\/07\/fazernew2.jpg 199w, https:\/\/puredesign.fi\/wp-content\/uploads\/2021\/07\/fazernew2-12x12.jpg 12w\" sizes=\"(max-width: 199px) 100vw, 199px\" \/><\/figure>","protected":false},"excerpt":{"rendered":"<p>120-vuotisjuhlaa viett\u00e4v\u00e4n Fazerin Vaaralan suklaatehtaan uuden vierailuk\u00e4yt\u00e4v\u00e4n el\u00e4myksellinen tila syntyi valosuunnittelija Ilkka Paloniemen\/ Teakon ja Pure Design -tiimin yhteisty\u00f6n\u00e4. Tilasta luotiin mieleenpainuva n\u00e4yttelykokemus, jossa vierailijat tutustuvat Fazerin v\u00e4rikk\u00e4\u00e4seen historiaan sek\u00e4 sen monipuoliseen ja maukkaaseen nykyp\u00e4iv\u00e4\u00e4n. Tila avattiin yleis\u00f6lle Vaaralan Fazerilassa 23.3.2011.<\/p>","protected":false},"author":2,"featured_media":1196,"comment_status":"closed","ping_status":"closed","sticky":false,"template":"","format":"standard","meta":{"_kad_post_transparent":"","_kad_post_title":"","_kad_post_layout":"","_kad_post_sidebar_id":"","_kad_post_content_style":"","_kad_post_vertical_padding":"","_kad_post_feature":"","_kad_post_feature_position":"","_kad_post_header":false,"_kad_post_footer":false,"_kad_post_classname":"","footnotes":""},"categories":[1],"tags":[],"class_list":["post-1195","post","type-post","status-publish","format-standard","has-post-thumbnail","hentry","category-uutta"],"yoast_head":"<!-- This site is optimized with the Yoast SEO plugin v27.4 - https:\/\/yoast.com\/product\/yoast-seo-wordpress\/ -->\n<title>Fazer n\u00e4yttelytila - Puredesign<\/title>\n<meta name=\"robots\" content=\"index, follow, max-snippet:-1, max-image-preview:large, max-video-preview:-1\" \/>\n<link rel=\"canonical\" href=\"https:\/\/puredesign.fi\/en\/fazer-nayttelytila-2\/\" \/>\n<meta property=\"og:locale\" content=\"en_US\" \/>\n<meta property=\"og:type\" content=\"article\" \/>\n<meta property=\"og:title\" content=\"Fazer n\u00e4yttelytila - Puredesign\" \/>\n<meta property=\"og:description\" content=\"120-vuotisjuhlaa viett\u00e4v\u00e4n Fazerin Vaaralan suklaatehtaan uuden vierailuk\u00e4yt\u00e4v\u00e4n el\u00e4myksellinen tila syntyi valosuunnittelija Ilkka Paloniemen\/ Teakon ja Pure Design -tiimin yhteisty\u00f6n\u00e4. Tilasta luotiin mieleenpainuva n\u00e4yttelykokemus, jossa vierailijat tutustuvat Fazerin v\u00e4rikk\u00e4\u00e4seen historiaan sek\u00e4 sen monipuoliseen ja maukkaaseen nykyp\u00e4iv\u00e4\u00e4n. Tila avattiin yleis\u00f6lle Vaaralan Fazerilassa 23.3.2011.\" \/>\n<meta property=\"og:url\" content=\"https:\/\/puredesign.fi\/en\/fazer-nayttelytila-2\/\" \/>\n<meta property=\"og:site_name\" content=\"Puredesign\" \/>\n<meta property=\"article:published_time\" content=\"2011-04-01T07:46:00+00:00\" \/>\n<meta property=\"article:modified_time\" content=\"2021-08-30T08:43:29+00:00\" \/>\n<meta property=\"og:image\" content=\"https:\/\/puredesign.fi\/wp-content\/uploads\/2021\/07\/fazernew2.jpg\" \/>\n\t<meta property=\"og:image:width\" content=\"199\" \/>\n\t<meta property=\"og:image:height\" content=\"199\" \/>\n\t<meta property=\"og:image:type\" content=\"image\/jpeg\" \/>\n<meta name=\"author\" content=\"Esa Vesmanen\" \/>\n<meta name=\"twitter:card\" content=\"summary_large_image\" \/>\n<meta name=\"twitter:label1\" content=\"Written by\" \/>\n\t<meta name=\"twitter:data1\" content=\"Esa Vesmanen\" \/>\n\t<meta name=\"twitter:label2\" content=\"Est. reading time\" \/>\n\t<meta name=\"twitter:data2\" content=\"1 minute\" \/>\n<script type=\"application\/ld+json\" class=\"yoast-schema-graph\">{\"@context\":\"https:\\\/\\\/schema.org\",\"@graph\":[{\"@type\":\"Article\",\"@id\":\"https:\\\/\\\/puredesign.fi\\\/fazer-nayttelytila-2\\\/#article\",\"isPartOf\":{\"@id\":\"https:\\\/\\\/puredesign.fi\\\/fazer-nayttelytila-2\\\/\"},\"author\":{\"name\":\"Esa Vesmanen\",\"@id\":\"https:\\\/\\\/puredesign.fi\\\/#\\\/schema\\\/person\\\/a7df124e8116b78996bcc63462b1a47d\"},\"headline\":\"Fazer n\u00e4yttelytila\",\"datePublished\":\"2011-04-01T07:46:00+00:00\",\"dateModified\":\"2021-08-30T08:43:29+00:00\",\"mainEntityOfPage\":{\"@id\":\"https:\\\/\\\/puredesign.fi\\\/fazer-nayttelytila-2\\\/\"},\"wordCount\":56,\"publisher\":{\"@id\":\"https:\\\/\\\/puredesign.fi\\\/#organization\"},\"image\":{\"@id\":\"https:\\\/\\\/puredesign.fi\\\/fazer-nayttelytila-2\\\/#primaryimage\"},\"thumbnailUrl\":\"https:\\\/\\\/puredesign.fi\\\/wp-content\\\/uploads\\\/2021\\\/07\\\/fazernew2.jpg\",\"articleSection\":[\"Uutta\"],\"inLanguage\":\"en-US\"},{\"@type\":\"WebPage\",\"@id\":\"https:\\\/\\\/puredesign.fi\\\/fazer-nayttelytila-2\\\/\",\"url\":\"https:\\\/\\\/puredesign.fi\\\/fazer-nayttelytila-2\\\/\",\"name\":\"Fazer n\u00e4yttelytila - Puredesign\",\"isPartOf\":{\"@id\":\"https:\\\/\\\/puredesign.fi\\\/#website\"},\"primaryImageOfPage\":{\"@id\":\"https:\\\/\\\/puredesign.fi\\\/fazer-nayttelytila-2\\\/#primaryimage\"},\"image\":{\"@id\":\"https:\\\/\\\/puredesign.fi\\\/fazer-nayttelytila-2\\\/#primaryimage\"},\"thumbnailUrl\":\"https:\\\/\\\/puredesign.fi\\\/wp-content\\\/uploads\\\/2021\\\/07\\\/fazernew2.jpg\",\"datePublished\":\"2011-04-01T07:46:00+00:00\",\"dateModified\":\"2021-08-30T08:43:29+00:00\",\"breadcrumb\":{\"@id\":\"https:\\\/\\\/puredesign.fi\\\/fazer-nayttelytila-2\\\/#breadcrumb\"},\"inLanguage\":\"en-US\",\"potentialAction\":[{\"@type\":\"ReadAction\",\"target\":[\"https:\\\/\\\/puredesign.fi\\\/fazer-nayttelytila-2\\\/\"]}]},{\"@type\":\"ImageObject\",\"inLanguage\":\"en-US\",\"@id\":\"https:\\\/\\\/puredesign.fi\\\/fazer-nayttelytila-2\\\/#primaryimage\",\"url\":\"https:\\\/\\\/puredesign.fi\\\/wp-content\\\/uploads\\\/2021\\\/07\\\/fazernew2.jpg\",\"contentUrl\":\"https:\\\/\\\/puredesign.fi\\\/wp-content\\\/uploads\\\/2021\\\/07\\\/fazernew2.jpg\",\"width\":199,\"height\":199},{\"@type\":\"BreadcrumbList\",\"@id\":\"https:\\\/\\\/puredesign.fi\\\/fazer-nayttelytila-2\\\/#breadcrumb\",\"itemListElement\":[{\"@type\":\"ListItem\",\"position\":1,\"name\":\"Etusivu\",\"item\":\"https:\\\/\\\/puredesign.fi\\\/\"},{\"@type\":\"ListItem\",\"position\":2,\"name\":\"Fazer n\u00e4yttelytila\"}]},{\"@type\":\"WebSite\",\"@id\":\"https:\\\/\\\/puredesign.fi\\\/#website\",\"url\":\"https:\\\/\\\/puredesign.fi\\\/\",\"name\":\"Puredesign\",\"description\":\"\",\"publisher\":{\"@id\":\"https:\\\/\\\/puredesign.fi\\\/#organization\"},\"potentialAction\":[{\"@type\":\"SearchAction\",\"target\":{\"@type\":\"EntryPoint\",\"urlTemplate\":\"https:\\\/\\\/puredesign.fi\\\/?s={search_term_string}\"},\"query-input\":{\"@type\":\"PropertyValueSpecification\",\"valueRequired\":true,\"valueName\":\"search_term_string\"}}],\"inLanguage\":\"en-US\"},{\"@type\":\"Organization\",\"@id\":\"https:\\\/\\\/puredesign.fi\\\/#organization\",\"name\":\"Pure Design\",\"url\":\"https:\\\/\\\/puredesign.fi\\\/\",\"logo\":{\"@type\":\"ImageObject\",\"inLanguage\":\"en-US\",\"@id\":\"https:\\\/\\\/puredesign.fi\\\/#\\\/schema\\\/logo\\\/image\\\/\",\"url\":\"https:\\\/\\\/puredesign.fi\\\/wp-content\\\/uploads\\\/2021\\\/05\\\/pure_design_logo.png\",\"contentUrl\":\"https:\\\/\\\/puredesign.fi\\\/wp-content\\\/uploads\\\/2021\\\/05\\\/pure_design_logo.png\",\"width\":151,\"height\":38,\"caption\":\"Pure Design\"},\"image\":{\"@id\":\"https:\\\/\\\/puredesign.fi\\\/#\\\/schema\\\/logo\\\/image\\\/\"}},{\"@type\":\"Person\",\"@id\":\"https:\\\/\\\/puredesign.fi\\\/#\\\/schema\\\/person\\\/a7df124e8116b78996bcc63462b1a47d\",\"name\":\"Esa Vesmanen\",\"url\":\"https:\\\/\\\/puredesign.fi\\\/en\\\/author\\\/esa\\\/\"}]}<\/script>\n<!-- \/ Yoast SEO plugin. -->","yoast_head_json":{"title":"Fazer - visitor space in confectionery factory","robots":{"index":"index","follow":"follow","max-snippet":"max-snippet:-1","max-image-preview":"max-image-preview:large","max-video-preview":"max-video-preview:-1"},"canonical":"https:\/\/puredesign.fi\/en\/fazer-nayttelytila-2\/","og_locale":"en_US","og_type":"article","og_title":"Fazer n\u00e4yttelytila - Puredesign","og_description":"120-vuotisjuhlaa viett\u00e4v\u00e4n Fazerin Vaaralan suklaatehtaan uuden vierailuk\u00e4yt\u00e4v\u00e4n el\u00e4myksellinen tila syntyi valosuunnittelija Ilkka Paloniemen\/ Teakon ja Pure Design -tiimin yhteisty\u00f6n\u00e4. Tilasta luotiin mieleenpainuva n\u00e4yttelykokemus, jossa vierailijat tutustuvat Fazerin v\u00e4rikk\u00e4\u00e4seen historiaan sek\u00e4 sen monipuoliseen ja maukkaaseen nykyp\u00e4iv\u00e4\u00e4n. Tila avattiin yleis\u00f6lle Vaaralan Fazerilassa 23.3.2011.","og_url":"https:\/\/puredesign.fi\/en\/fazer-nayttelytila-2\/","og_site_name":"Puredesign","article_published_time":"2011-04-01T07:46:00+00:00","article_modified_time":"2021-08-30T08:43:29+00:00","og_image":[{"width":199,"height":199,"url":"https:\/\/puredesign.fi\/wp-content\/uploads\/2021\/07\/fazernew2.jpg","type":"image\/jpeg"}],"author":"Esa Vesmanen","twitter_card":"summary_large_image","twitter_misc":{"Written by":"Esa Vesmanen","Est. reading time":"1 minute"},"schema":{"@context":"https:\/\/schema.org","@graph":[{"@type":"Article","@id":"https:\/\/puredesign.fi\/fazer-nayttelytila-2\/#article","isPartOf":{"@id":"https:\/\/puredesign.fi\/fazer-nayttelytila-2\/"},"author":{"name":"Esa Vesmanen","@id":"https:\/\/puredesign.fi\/#\/schema\/person\/a7df124e8116b78996bcc63462b1a47d"},"headline":"Fazer n\u00e4yttelytila","datePublished":"2011-04-01T07:46:00+00:00","dateModified":"2021-08-30T08:43:29+00:00","mainEntityOfPage":{"@id":"https:\/\/puredesign.fi\/fazer-nayttelytila-2\/"},"wordCount":56,"publisher":{"@id":"https:\/\/puredesign.fi\/#organization"},"image":{"@id":"https:\/\/puredesign.fi\/fazer-nayttelytila-2\/#primaryimage"},"thumbnailUrl":"https:\/\/puredesign.fi\/wp-content\/uploads\/2021\/07\/fazernew2.jpg","articleSection":["Uutta"],"inLanguage":"en-US"},{"@type":"WebPage","@id":"https:\/\/puredesign.fi\/fazer-nayttelytila-2\/","url":"https:\/\/puredesign.fi\/fazer-nayttelytila-2\/","name":"Fazer - visitor space in confectionery factory","isPartOf":{"@id":"https:\/\/puredesign.fi\/#website"},"primaryImageOfPage":{"@id":"https:\/\/puredesign.fi\/fazer-nayttelytila-2\/#primaryimage"},"image":{"@id":"https:\/\/puredesign.fi\/fazer-nayttelytila-2\/#primaryimage"},"thumbnailUrl":"https:\/\/puredesign.fi\/wp-content\/uploads\/2021\/07\/fazernew2.jpg","datePublished":"2011-04-01T07:46:00+00:00","dateModified":"2021-08-30T08:43:29+00:00","breadcrumb":{"@id":"https:\/\/puredesign.fi\/fazer-nayttelytila-2\/#breadcrumb"},"inLanguage":"en-US","potentialAction":[{"@type":"ReadAction","target":["https:\/\/puredesign.fi\/fazer-nayttelytila-2\/"]}]},{"@type":"ImageObject","inLanguage":"en-US","@id":"https:\/\/puredesign.fi\/fazer-nayttelytila-2\/#primaryimage","url":"https:\/\/puredesign.fi\/wp-content\/uploads\/2021\/07\/fazernew2.jpg","contentUrl":"https:\/\/puredesign.fi\/wp-content\/uploads\/2021\/07\/fazernew2.jpg","width":199,"height":199},{"@type":"BreadcrumbList","@id":"https:\/\/puredesign.fi\/fazer-nayttelytila-2\/#breadcrumb","itemListElement":[{"@type":"ListItem","position":1,"name":"Etusivu","item":"https:\/\/puredesign.fi\/"},{"@type":"ListItem","position":2,"name":"Fazer n\u00e4yttelytila"}]},{"@type":"WebSite","@id":"https:\/\/puredesign.fi\/#website","url":"https:\/\/puredesign.fi\/","name":"Puredesign","description":"","publisher":{"@id":"https:\/\/puredesign.fi\/#organization"},"potentialAction":[{"@type":"SearchAction","target":{"@type":"EntryPoint","urlTemplate":"https:\/\/puredesign.fi\/?s={search_term_string}"},"query-input":{"@type":"PropertyValueSpecification","valueRequired":true,"valueName":"search_term_string"}}],"inLanguage":"en-US"},{"@type":"Organization","@id":"https:\/\/puredesign.fi\/#organization","name":"Pure Design","url":"https:\/\/puredesign.fi\/","logo":{"@type":"ImageObject","inLanguage":"en-US","@id":"https:\/\/puredesign.fi\/#\/schema\/logo\/image\/","url":"https:\/\/puredesign.fi\/wp-content\/uploads\/2021\/05\/pure_design_logo.png","contentUrl":"https:\/\/puredesign.fi\/wp-content\/uploads\/2021\/05\/pure_design_logo.png","width":151,"height":38,"caption":"Pure Design"},"image":{"@id":"https:\/\/puredesign.fi\/#\/schema\/logo\/image\/"}},{"@type":"Person","@id":"https:\/\/puredesign.fi\/#\/schema\/person\/a7df124e8116b78996bcc63462b1a47d","name":"Esa Vesmanen","url":"https:\/\/puredesign.fi\/en\/author\/esa\/"}]}},"_links":{"self":[{"href":"https:\/\/puredesign.fi\/en\/wp-json\/wp\/v2\/posts\/1195","targetHints":{"allow":["GET"]}}],"collection":[{"href":"https:\/\/puredesign.fi\/en\/wp-json\/wp\/v2\/posts"}],"about":[{"href":"https:\/\/puredesign.fi\/en\/wp-json\/wp\/v2\/types\/post"}],"author":[{"embeddable":true,"href":"https:\/\/puredesign.fi\/en\/wp-json\/wp\/v2\/users\/2"}],"replies":[{"embeddable":true,"href":"https:\/\/puredesign.fi\/en\/wp-json\/wp\/v2\/comments?post=1195"}],"version-history":[{"count":2,"href":"https:\/\/puredesign.fi\/en\/wp-json\/wp\/v2\/posts\/1195\/revisions"}],"predecessor-version":[{"id":1416,"href":"https:\/\/puredesign.fi\/en\/wp-json\/wp\/v2\/posts\/1195\/revisions\/1416"}],"wp:featuredmedia":[{"embeddable":true,"href":"https:\/\/puredesign.fi\/en\/wp-json\/wp\/v2\/media\/1196"}],"wp:attachment":[{"href":"https:\/\/puredesign.fi\/en\/wp-json\/wp\/v2\/media?parent=1195"}],"wp:term":[{"taxonomy":"category","embeddable":true,"href":"https:\/\/puredesign.fi\/en\/wp-json\/wp\/v2\/categories?post=1195"},{"taxonomy":"post_tag","embeddable":true,"href":"https:\/\/puredesign.fi\/en\/wp-json\/wp\/v2\/tags?post=1195"}],"curies":[{"name":"wp","href":"https:\/\/api.w.org\/{rel}","templated":true}]}}