{"id":1214,"date":"2012-07-11T10:57:00","date_gmt":"2012-07-11T07:57:00","guid":{"rendered":"http:\/\/31.217.196.224\/~ebseoxbm\/?p=1214"},"modified":"2021-10-20T15:45:28","modified_gmt":"2021-10-20T12:45:28","slug":"lyhty-syttyy-syksyiseen-puistoon","status":"publish","type":"post","link":"https:\/\/puredesign.fi\/en\/lyhty-lantern\/","title":{"rendered":"Lantern"},"content":{"rendered":"<figure class=\"wp-block-image size-full\"><img fetchpriority=\"high\" decoding=\"async\" width=\"401\" height=\"199\" src=\"https:\/\/puredesign.fi\/wp-content\/uploads\/2021\/07\/LanternLyhtynew.jpg\" alt=\"\" class=\"wp-image-1215\" srcset=\"https:\/\/puredesign.fi\/wp-content\/uploads\/2021\/07\/LanternLyhtynew.jpg 401w, https:\/\/puredesign.fi\/wp-content\/uploads\/2021\/07\/LanternLyhtynew-16x8.jpg 16w\" sizes=\"(max-width: 401px) 100vw, 401px\" \/><\/figure>\n\n\n\n<p>Lyhty (meaning Lantern) is a permanent public installation in Helsinki\u2019s new residential district of South Hermann Park, by Interior Architect Esa Vesmanen and Visual Artist Hilda Koz\u00e1ri.<\/p>\n\n\n\n<p>Visitors can perceive and delight in Lyhty\u2019s organic shape and its playful aura. The sculpture\u2019s form was developed to compliment the park\u2019s vegetation and contrast with the surrounding, cubist architecture. Five-metre high powder-coated steel fins encircle the emergency exit of an underground parking garage. Bright white, it reflects sunlight during the day, and when illuminated at night, it shines and improves safety. Depending on the time of day, the fins cast alternating patterns of shadows, and from a distance, they flicker with a moir\u00e9 effect.<\/p>\n\n\n\n<p>Client: Teppo Isokangas\/ ATT\/ Helsingin kaupungin asuntotuotantotoimisto<\/p>\n\n\n\n<p>Modeling: Pure Design Oy\/ Esa Vesmanen, Laura J\u00e4rvinen<\/p>\n\n\n\n<p>Structural Design: Vesa-Matti Lehtovaara, Jarkko Aittoniemi\/ Kalliosuunnittelu Oy<\/p>\n\n\n\n<p>Steal construction: Jorma Per\u00e4l\u00e4\/ Joter Oy<\/p>\n\n\n\n<p>Environmental Design: Kirsi Laatunen, Vireo Oy<\/p>\n\n\n\n<p>Lighting: Saas Instruments Oy<\/p>\n\n\n\n<p>Rock and park contruction: Jarmo Pulli\/ Stara<\/p>\n\n\n\n<p>Constructor: Lemmink\u00e4inen<\/p>\n\n\n\n<p><a href=\"http:\/\/arts.aalto.fi\/fi\/services\/arabianranta\/art_in_arabianranta2.pdf\" target=\"_blank\" rel=\"noreferrer noopener\">Art in Arabianranta<\/a><\/p>","protected":false},"excerpt":{"rendered":"<p>Etel\u00e4-Hermannin uudessa kaupunginosassa El\u00e4inl\u00e4\u00e4k\u00e4rinpuistossa julkistetaan sisustusarkkitehti Esa Vesmasen ja kuvataiteilija Hilda Koz\u00e1rin suunnittelema taideteos Lyhty. Teoksen orgaaninen muoto yhdist\u00e4\u00e4 rytmikk\u00e4\u00e4n arkkitehtuurin ja puiston kasvillisuuden. Lyhdyn valkoinen v\u00e4ri heijastaa p\u00e4iv\u00e4ll\u00e4 auringon valoa ja illalla teoksen oma valaistus luo turvallisen piirin puiston keskelle. Viisi metri\u00e4 korkeat ter\u00e4slamellit luovat optisen harhan, joka muuttaa kulmikkaan varaulosk\u00e4yt\u00e4v\u00e4n py\u00f6re\u00e4ksi ja eteeriseksi&#8230;<\/p>","protected":false},"author":2,"featured_media":1215,"comment_status":"closed","ping_status":"closed","sticky":false,"template":"","format":"standard","meta":{"_kad_post_transparent":"","_kad_post_title":"","_kad_post_layout":"","_kad_post_sidebar_id":"","_kad_post_content_style":"","_kad_post_vertical_padding":"","_kad_post_feature":"","_kad_post_feature_position":"","_kad_post_header":false,"_kad_post_footer":false,"_kad_post_classname":"","footnotes":""},"categories":[1],"tags":[],"class_list":["post-1214","post","type-post","status-publish","format-standard","has-post-thumbnail","hentry","category-uutta"],"yoast_head":"<!-- This site is optimized with the Yoast SEO plugin v27.4 - https:\/\/yoast.com\/product\/yoast-seo-wordpress\/ -->\n<title>Lyhty syttyy syksyiseen puistoon - Puredesign<\/title>\n<meta name=\"description\" content=\"Etel\u00e4-Hermannin El\u00e4inl\u00e4\u00e4k\u00e4rinpuistossa julkistetaan sisustusarkkitehti Esa Vesmasen ja kuvataiteilija Hilda Koz\u00e1rin taideteos Lyhty.\" \/>\n<meta name=\"robots\" content=\"index, follow, max-snippet:-1, max-image-preview:large, max-video-preview:-1\" \/>\n<link rel=\"canonical\" href=\"https:\/\/puredesign.fi\/en\/lyhty-syttyy-syksyiseen-puistoon\/\" \/>\n<meta property=\"og:locale\" content=\"en_US\" \/>\n<meta property=\"og:type\" content=\"article\" \/>\n<meta property=\"og:title\" content=\"Lyhty syttyy syksyiseen puistoon - Puredesign\" \/>\n<meta property=\"og:description\" content=\"Etel\u00e4-Hermannin El\u00e4inl\u00e4\u00e4k\u00e4rinpuistossa julkistetaan sisustusarkkitehti Esa Vesmasen ja kuvataiteilija Hilda Koz\u00e1rin taideteos Lyhty.\" \/>\n<meta property=\"og:url\" content=\"https:\/\/puredesign.fi\/en\/lyhty-syttyy-syksyiseen-puistoon\/\" \/>\n<meta property=\"og:site_name\" content=\"Puredesign\" \/>\n<meta property=\"article:published_time\" content=\"2012-07-11T07:57:00+00:00\" \/>\n<meta property=\"article:modified_time\" content=\"2021-10-20T12:45:28+00:00\" \/>\n<meta property=\"og:image\" content=\"https:\/\/puredesign.fi\/wp-content\/uploads\/2021\/07\/LanternLyhtynew.jpg\" \/>\n\t<meta property=\"og:image:width\" content=\"401\" \/>\n\t<meta property=\"og:image:height\" content=\"199\" \/>\n\t<meta property=\"og:image:type\" content=\"image\/jpeg\" \/>\n<meta name=\"author\" content=\"Esa Vesmanen\" \/>\n<meta name=\"twitter:card\" content=\"summary_large_image\" \/>\n<meta name=\"twitter:label1\" content=\"Written by\" \/>\n\t<meta name=\"twitter:data1\" content=\"Esa Vesmanen\" \/>\n\t<meta name=\"twitter:label2\" content=\"Est. reading time\" \/>\n\t<meta name=\"twitter:data2\" content=\"1 minute\" \/>\n<script type=\"application\/ld+json\" class=\"yoast-schema-graph\">{\"@context\":\"https:\\\/\\\/schema.org\",\"@graph\":[{\"@type\":\"Article\",\"@id\":\"https:\\\/\\\/puredesign.fi\\\/lyhty-syttyy-syksyiseen-puistoon\\\/#article\",\"isPartOf\":{\"@id\":\"https:\\\/\\\/puredesign.fi\\\/lyhty-syttyy-syksyiseen-puistoon\\\/\"},\"author\":{\"name\":\"Esa Vesmanen\",\"@id\":\"https:\\\/\\\/puredesign.fi\\\/#\\\/schema\\\/person\\\/a7df124e8116b78996bcc63462b1a47d\"},\"headline\":\"Lyhty syttyy syksyiseen puistoon\",\"datePublished\":\"2012-07-11T07:57:00+00:00\",\"dateModified\":\"2021-10-20T12:45:28+00:00\",\"mainEntityOfPage\":{\"@id\":\"https:\\\/\\\/puredesign.fi\\\/lyhty-syttyy-syksyiseen-puistoon\\\/\"},\"wordCount\":156,\"publisher\":{\"@id\":\"https:\\\/\\\/puredesign.fi\\\/#organization\"},\"image\":{\"@id\":\"https:\\\/\\\/puredesign.fi\\\/lyhty-syttyy-syksyiseen-puistoon\\\/#primaryimage\"},\"thumbnailUrl\":\"https:\\\/\\\/puredesign.fi\\\/wp-content\\\/uploads\\\/2021\\\/07\\\/LanternLyhtynew.jpg\",\"articleSection\":[\"Uutta\"],\"inLanguage\":\"en-US\"},{\"@type\":\"WebPage\",\"@id\":\"https:\\\/\\\/puredesign.fi\\\/lyhty-syttyy-syksyiseen-puistoon\\\/\",\"url\":\"https:\\\/\\\/puredesign.fi\\\/lyhty-syttyy-syksyiseen-puistoon\\\/\",\"name\":\"Lyhty syttyy syksyiseen puistoon - Puredesign\",\"isPartOf\":{\"@id\":\"https:\\\/\\\/puredesign.fi\\\/#website\"},\"primaryImageOfPage\":{\"@id\":\"https:\\\/\\\/puredesign.fi\\\/lyhty-syttyy-syksyiseen-puistoon\\\/#primaryimage\"},\"image\":{\"@id\":\"https:\\\/\\\/puredesign.fi\\\/lyhty-syttyy-syksyiseen-puistoon\\\/#primaryimage\"},\"thumbnailUrl\":\"https:\\\/\\\/puredesign.fi\\\/wp-content\\\/uploads\\\/2021\\\/07\\\/LanternLyhtynew.jpg\",\"datePublished\":\"2012-07-11T07:57:00+00:00\",\"dateModified\":\"2021-10-20T12:45:28+00:00\",\"description\":\"Etel\u00e4-Hermannin El\u00e4inl\u00e4\u00e4k\u00e4rinpuistossa julkistetaan sisustusarkkitehti Esa Vesmasen ja kuvataiteilija Hilda Koz\u00e1rin taideteos Lyhty.\",\"breadcrumb\":{\"@id\":\"https:\\\/\\\/puredesign.fi\\\/lyhty-syttyy-syksyiseen-puistoon\\\/#breadcrumb\"},\"inLanguage\":\"en-US\",\"potentialAction\":[{\"@type\":\"ReadAction\",\"target\":[\"https:\\\/\\\/puredesign.fi\\\/lyhty-syttyy-syksyiseen-puistoon\\\/\"]}]},{\"@type\":\"ImageObject\",\"inLanguage\":\"en-US\",\"@id\":\"https:\\\/\\\/puredesign.fi\\\/lyhty-syttyy-syksyiseen-puistoon\\\/#primaryimage\",\"url\":\"https:\\\/\\\/puredesign.fi\\\/wp-content\\\/uploads\\\/2021\\\/07\\\/LanternLyhtynew.jpg\",\"contentUrl\":\"https:\\\/\\\/puredesign.fi\\\/wp-content\\\/uploads\\\/2021\\\/07\\\/LanternLyhtynew.jpg\",\"width\":401,\"height\":199},{\"@type\":\"BreadcrumbList\",\"@id\":\"https:\\\/\\\/puredesign.fi\\\/lyhty-syttyy-syksyiseen-puistoon\\\/#breadcrumb\",\"itemListElement\":[{\"@type\":\"ListItem\",\"position\":1,\"name\":\"Etusivu\",\"item\":\"https:\\\/\\\/puredesign.fi\\\/\"},{\"@type\":\"ListItem\",\"position\":2,\"name\":\"Lyhty syttyy syksyiseen puistoon\"}]},{\"@type\":\"WebSite\",\"@id\":\"https:\\\/\\\/puredesign.fi\\\/#website\",\"url\":\"https:\\\/\\\/puredesign.fi\\\/\",\"name\":\"Puredesign\",\"description\":\"\",\"publisher\":{\"@id\":\"https:\\\/\\\/puredesign.fi\\\/#organization\"},\"potentialAction\":[{\"@type\":\"SearchAction\",\"target\":{\"@type\":\"EntryPoint\",\"urlTemplate\":\"https:\\\/\\\/puredesign.fi\\\/?s={search_term_string}\"},\"query-input\":{\"@type\":\"PropertyValueSpecification\",\"valueRequired\":true,\"valueName\":\"search_term_string\"}}],\"inLanguage\":\"en-US\"},{\"@type\":\"Organization\",\"@id\":\"https:\\\/\\\/puredesign.fi\\\/#organization\",\"name\":\"Pure Design\",\"url\":\"https:\\\/\\\/puredesign.fi\\\/\",\"logo\":{\"@type\":\"ImageObject\",\"inLanguage\":\"en-US\",\"@id\":\"https:\\\/\\\/puredesign.fi\\\/#\\\/schema\\\/logo\\\/image\\\/\",\"url\":\"https:\\\/\\\/puredesign.fi\\\/wp-content\\\/uploads\\\/2021\\\/05\\\/pure_design_logo.png\",\"contentUrl\":\"https:\\\/\\\/puredesign.fi\\\/wp-content\\\/uploads\\\/2021\\\/05\\\/pure_design_logo.png\",\"width\":151,\"height\":38,\"caption\":\"Pure Design\"},\"image\":{\"@id\":\"https:\\\/\\\/puredesign.fi\\\/#\\\/schema\\\/logo\\\/image\\\/\"}},{\"@type\":\"Person\",\"@id\":\"https:\\\/\\\/puredesign.fi\\\/#\\\/schema\\\/person\\\/a7df124e8116b78996bcc63462b1a47d\",\"name\":\"Esa Vesmanen\",\"url\":\"https:\\\/\\\/puredesign.fi\\\/en\\\/author\\\/esa\\\/\"}]}<\/script>\n<!-- \/ Yoast SEO plugin. -->","yoast_head_json":{"title":"Lantern | Pure Design Helsinki","description":"The artwork Lyhty by interior designer Esa Vesmanen and visual artist Hilda Koz\u00e1r will be unveiled at the South Hermann Veterinary Park.","robots":{"index":"index","follow":"follow","max-snippet":"max-snippet:-1","max-image-preview":"max-image-preview:large","max-video-preview":"max-video-preview:-1"},"canonical":"https:\/\/puredesign.fi\/en\/lyhty-syttyy-syksyiseen-puistoon\/","og_locale":"en_US","og_type":"article","og_title":"Lyhty syttyy syksyiseen puistoon - Puredesign","og_description":"Etel\u00e4-Hermannin El\u00e4inl\u00e4\u00e4k\u00e4rinpuistossa julkistetaan sisustusarkkitehti Esa Vesmasen ja kuvataiteilija Hilda Koz\u00e1rin taideteos Lyhty.","og_url":"https:\/\/puredesign.fi\/en\/lyhty-syttyy-syksyiseen-puistoon\/","og_site_name":"Puredesign","article_published_time":"2012-07-11T07:57:00+00:00","article_modified_time":"2021-10-20T12:45:28+00:00","og_image":[{"width":401,"height":199,"url":"https:\/\/puredesign.fi\/wp-content\/uploads\/2021\/07\/LanternLyhtynew.jpg","type":"image\/jpeg"}],"author":"Esa Vesmanen","twitter_card":"summary_large_image","twitter_misc":{"Written by":"Esa Vesmanen","Est. reading time":"1 minute"},"schema":{"@context":"https:\/\/schema.org","@graph":[{"@type":"Article","@id":"https:\/\/puredesign.fi\/lyhty-syttyy-syksyiseen-puistoon\/#article","isPartOf":{"@id":"https:\/\/puredesign.fi\/lyhty-syttyy-syksyiseen-puistoon\/"},"author":{"name":"Esa Vesmanen","@id":"https:\/\/puredesign.fi\/#\/schema\/person\/a7df124e8116b78996bcc63462b1a47d"},"headline":"Lyhty syttyy syksyiseen puistoon","datePublished":"2012-07-11T07:57:00+00:00","dateModified":"2021-10-20T12:45:28+00:00","mainEntityOfPage":{"@id":"https:\/\/puredesign.fi\/lyhty-syttyy-syksyiseen-puistoon\/"},"wordCount":156,"publisher":{"@id":"https:\/\/puredesign.fi\/#organization"},"image":{"@id":"https:\/\/puredesign.fi\/lyhty-syttyy-syksyiseen-puistoon\/#primaryimage"},"thumbnailUrl":"https:\/\/puredesign.fi\/wp-content\/uploads\/2021\/07\/LanternLyhtynew.jpg","articleSection":["Uutta"],"inLanguage":"en-US"},{"@type":"WebPage","@id":"https:\/\/puredesign.fi\/lyhty-syttyy-syksyiseen-puistoon\/","url":"https:\/\/puredesign.fi\/lyhty-syttyy-syksyiseen-puistoon\/","name":"Lantern | Pure Design Helsinki","isPartOf":{"@id":"https:\/\/puredesign.fi\/#website"},"primaryImageOfPage":{"@id":"https:\/\/puredesign.fi\/lyhty-syttyy-syksyiseen-puistoon\/#primaryimage"},"image":{"@id":"https:\/\/puredesign.fi\/lyhty-syttyy-syksyiseen-puistoon\/#primaryimage"},"thumbnailUrl":"https:\/\/puredesign.fi\/wp-content\/uploads\/2021\/07\/LanternLyhtynew.jpg","datePublished":"2012-07-11T07:57:00+00:00","dateModified":"2021-10-20T12:45:28+00:00","description":"The artwork Lyhty by interior designer Esa Vesmanen and visual artist Hilda Koz\u00e1r will be unveiled at the South Hermann Veterinary Park.","breadcrumb":{"@id":"https:\/\/puredesign.fi\/lyhty-syttyy-syksyiseen-puistoon\/#breadcrumb"},"inLanguage":"en-US","potentialAction":[{"@type":"ReadAction","target":["https:\/\/puredesign.fi\/lyhty-syttyy-syksyiseen-puistoon\/"]}]},{"@type":"ImageObject","inLanguage":"en-US","@id":"https:\/\/puredesign.fi\/lyhty-syttyy-syksyiseen-puistoon\/#primaryimage","url":"https:\/\/puredesign.fi\/wp-content\/uploads\/2021\/07\/LanternLyhtynew.jpg","contentUrl":"https:\/\/puredesign.fi\/wp-content\/uploads\/2021\/07\/LanternLyhtynew.jpg","width":401,"height":199},{"@type":"BreadcrumbList","@id":"https:\/\/puredesign.fi\/lyhty-syttyy-syksyiseen-puistoon\/#breadcrumb","itemListElement":[{"@type":"ListItem","position":1,"name":"Etusivu","item":"https:\/\/puredesign.fi\/"},{"@type":"ListItem","position":2,"name":"Lyhty syttyy syksyiseen puistoon"}]},{"@type":"WebSite","@id":"https:\/\/puredesign.fi\/#website","url":"https:\/\/puredesign.fi\/","name":"Puredesign","description":"","publisher":{"@id":"https:\/\/puredesign.fi\/#organization"},"potentialAction":[{"@type":"SearchAction","target":{"@type":"EntryPoint","urlTemplate":"https:\/\/puredesign.fi\/?s={search_term_string}"},"query-input":{"@type":"PropertyValueSpecification","valueRequired":true,"valueName":"search_term_string"}}],"inLanguage":"en-US"},{"@type":"Organization","@id":"https:\/\/puredesign.fi\/#organization","name":"Pure Design","url":"https:\/\/puredesign.fi\/","logo":{"@type":"ImageObject","inLanguage":"en-US","@id":"https:\/\/puredesign.fi\/#\/schema\/logo\/image\/","url":"https:\/\/puredesign.fi\/wp-content\/uploads\/2021\/05\/pure_design_logo.png","contentUrl":"https:\/\/puredesign.fi\/wp-content\/uploads\/2021\/05\/pure_design_logo.png","width":151,"height":38,"caption":"Pure Design"},"image":{"@id":"https:\/\/puredesign.fi\/#\/schema\/logo\/image\/"}},{"@type":"Person","@id":"https:\/\/puredesign.fi\/#\/schema\/person\/a7df124e8116b78996bcc63462b1a47d","name":"Esa Vesmanen","url":"https:\/\/puredesign.fi\/en\/author\/esa\/"}]}},"_links":{"self":[{"href":"https:\/\/puredesign.fi\/en\/wp-json\/wp\/v2\/posts\/1214","targetHints":{"allow":["GET"]}}],"collection":[{"href":"https:\/\/puredesign.fi\/en\/wp-json\/wp\/v2\/posts"}],"about":[{"href":"https:\/\/puredesign.fi\/en\/wp-json\/wp\/v2\/types\/post"}],"author":[{"embeddable":true,"href":"https:\/\/puredesign.fi\/en\/wp-json\/wp\/v2\/users\/2"}],"replies":[{"embeddable":true,"href":"https:\/\/puredesign.fi\/en\/wp-json\/wp\/v2\/comments?post=1214"}],"version-history":[{"count":3,"href":"https:\/\/puredesign.fi\/en\/wp-json\/wp\/v2\/posts\/1214\/revisions"}],"predecessor-version":[{"id":1405,"href":"https:\/\/puredesign.fi\/en\/wp-json\/wp\/v2\/posts\/1214\/revisions\/1405"}],"wp:featuredmedia":[{"embeddable":true,"href":"https:\/\/puredesign.fi\/en\/wp-json\/wp\/v2\/media\/1215"}],"wp:attachment":[{"href":"https:\/\/puredesign.fi\/en\/wp-json\/wp\/v2\/media?parent=1214"}],"wp:term":[{"taxonomy":"category","embeddable":true,"href":"https:\/\/puredesign.fi\/en\/wp-json\/wp\/v2\/categories?post=1214"},{"taxonomy":"post_tag","embeddable":true,"href":"https:\/\/puredesign.fi\/en\/wp-json\/wp\/v2\/tags?post=1214"}],"curies":[{"name":"wp","href":"https:\/\/api.w.org\/{rel}","templated":true}]}}