{"id":1235,"date":"2013-04-19T11:08:00","date_gmt":"2013-04-19T08:08:00","guid":{"rendered":"http:\/\/31.217.196.224\/~ebseoxbm\/?p=1235"},"modified":"2021-08-30T11:32:07","modified_gmt":"2021-08-30T08:32:07","slug":"balance-aanituoli-silence-nayttelyssa","status":"publish","type":"post","link":"https:\/\/puredesign.fi\/en\/balance-voice-chair-in-the-silence-exhibition\/","title":{"rendered":"Balance Audio Chair in the SILENCE exhibition"},"content":{"rendered":"<p>The Finnish Embassy in Washington D.C. presents the Balance Audio Chair by Esa Vesmanen as part of an exhibition entitled, SILENCE.<\/p>\n\n\n\n<p>SILENCE is presented in conjunction with the \u201cSound, Silence and Acoustic Ecology\u201d seminar. Both are curated by Finnish Cultural Counselor Anneli Halonen and NPR producer, reporter, and editor, and Washington resident, Alex van Oss. The exhibition examines silence through audio, video, sculpture, painting and soundscapes by Finnish and American artists. It opened with a private reception 19.06.2013 and it is open to the public for two weekends (from 29.6. to 30.6. and from 13.7. to 14.7.)<\/p>\n\n\n\n<p>Photo: Pauliina Pennanen<\/p>\n\n\n\n<figure class=\"wp-block-image size-full\"><img fetchpriority=\"high\" decoding=\"async\" width=\"298\" height=\"199\" src=\"https:\/\/puredesign.fi\/wp-content\/uploads\/2021\/07\/VesmanenPureDesignBalancePennanenWashington.jpg\" alt=\"\" class=\"wp-image-1236\" srcset=\"https:\/\/puredesign.fi\/wp-content\/uploads\/2021\/07\/VesmanenPureDesignBalancePennanenWashington.jpg 298w, https:\/\/puredesign.fi\/wp-content\/uploads\/2021\/07\/VesmanenPureDesignBalancePennanenWashington-16x12.jpg 16w\" sizes=\"(max-width: 298px) 100vw, 298px\" \/><\/figure>","protected":false},"excerpt":{"rendered":"<p>Suomen suurl\u00e4hetyst\u00f6ss\u00e4 Washingtonissa on esill\u00e4 Esa Vesmasen Balance \u00e4\u00e4nituoli osana SILENCE-n\u00e4yttely\u00e4. Suomen Washingtonin suurl\u00e4hetyst\u00f6ll\u00e4 analysoidaan hiljaisuutta ja \u00e4\u00e4nt\u00e4 SILENCE-nimisess\u00e4 n\u00e4yttelyss\u00e4 sek\u00e4 \u201dSound, Silence and Acoustic Ecology\u201d-seminaarissa. Kulttuurineuvos Anneli Halosen sek\u00e4 Alex van Oss\u2019n kuratoima n\u00e4yttely tutkii teemoja \u00e4\u00e4niteosten, videon, veistosten, maalausten sek\u00e4 \u00e4\u00e4nimaisemien kautta. N\u00e4yttelyss\u00e4 on esill\u00e4 t\u00f6it\u00e4 suomalaisilta sek\u00e4 amerikkalaisilta taiteilijoilta. N\u00e4yttely avautui 19.6.2013&#8230;<\/p>","protected":false},"author":2,"featured_media":1236,"comment_status":"closed","ping_status":"closed","sticky":false,"template":"","format":"standard","meta":{"_kad_post_transparent":"","_kad_post_title":"","_kad_post_layout":"","_kad_post_sidebar_id":"","_kad_post_content_style":"","_kad_post_vertical_padding":"","_kad_post_feature":"","_kad_post_feature_position":"","_kad_post_header":false,"_kad_post_footer":false,"_kad_post_classname":"","footnotes":""},"categories":[1],"tags":[],"class_list":["post-1235","post","type-post","status-publish","format-standard","has-post-thumbnail","hentry","category-uutta"],"yoast_head":"<!-- This site is optimized with the Yoast SEO plugin v27.4 - https:\/\/yoast.com\/product\/yoast-seo-wordpress\/ -->\n<title>Balance \u00e4\u00e4nituoli SILENCE-n\u00e4yttelyss\u00e4 - Puredesign<\/title>\n<meta name=\"robots\" content=\"index, follow, max-snippet:-1, max-image-preview:large, max-video-preview:-1\" \/>\n<link rel=\"canonical\" href=\"https:\/\/puredesign.fi\/en\/balance-aanituoli-silence-nayttelyssa\/\" \/>\n<meta property=\"og:locale\" content=\"en_US\" \/>\n<meta property=\"og:type\" content=\"article\" \/>\n<meta property=\"og:title\" content=\"Balance \u00e4\u00e4nituoli SILENCE-n\u00e4yttelyss\u00e4 - Puredesign\" \/>\n<meta property=\"og:description\" content=\"Suomen suurl\u00e4hetyst\u00f6ss\u00e4 Washingtonissa on esill\u00e4 Esa Vesmasen Balance \u00e4\u00e4nituoli osana SILENCE-n\u00e4yttely\u00e4. Suomen Washingtonin suurl\u00e4hetyst\u00f6ll\u00e4 analysoidaan hiljaisuutta ja \u00e4\u00e4nt\u00e4 SILENCE-nimisess\u00e4 n\u00e4yttelyss\u00e4 sek\u00e4 \u201dSound, Silence and Acoustic Ecology\u201d-seminaarissa. Kulttuurineuvos Anneli Halosen sek\u00e4 Alex van Oss\u2019n kuratoima n\u00e4yttely tutkii teemoja \u00e4\u00e4niteosten, videon, veistosten, maalausten sek\u00e4 \u00e4\u00e4nimaisemien kautta. N\u00e4yttelyss\u00e4 on esill\u00e4 t\u00f6it\u00e4 suomalaisilta sek\u00e4 amerikkalaisilta taiteilijoilta. N\u00e4yttely avautui 19.6.2013...\" \/>\n<meta property=\"og:url\" content=\"https:\/\/puredesign.fi\/en\/balance-aanituoli-silence-nayttelyssa\/\" \/>\n<meta property=\"og:site_name\" content=\"Puredesign\" \/>\n<meta property=\"article:published_time\" content=\"2013-04-19T08:08:00+00:00\" \/>\n<meta property=\"article:modified_time\" content=\"2021-08-30T08:32:07+00:00\" \/>\n<meta property=\"og:image\" content=\"https:\/\/puredesign.fi\/wp-content\/uploads\/2021\/07\/VesmanenPureDesignBalancePennanenWashington.jpg\" \/>\n\t<meta property=\"og:image:width\" content=\"298\" \/>\n\t<meta property=\"og:image:height\" content=\"199\" \/>\n\t<meta property=\"og:image:type\" content=\"image\/jpeg\" \/>\n<meta name=\"author\" content=\"Esa Vesmanen\" \/>\n<meta name=\"twitter:card\" content=\"summary_large_image\" \/>\n<meta name=\"twitter:label1\" content=\"Written by\" \/>\n\t<meta name=\"twitter:data1\" content=\"Esa Vesmanen\" \/>\n\t<meta name=\"twitter:label2\" content=\"Est. reading time\" \/>\n\t<meta name=\"twitter:data2\" content=\"1 minute\" \/>\n<script type=\"application\/ld+json\" class=\"yoast-schema-graph\">{\"@context\":\"https:\\\/\\\/schema.org\",\"@graph\":[{\"@type\":\"Article\",\"@id\":\"https:\\\/\\\/puredesign.fi\\\/balance-aanituoli-silence-nayttelyssa\\\/#article\",\"isPartOf\":{\"@id\":\"https:\\\/\\\/puredesign.fi\\\/balance-aanituoli-silence-nayttelyssa\\\/\"},\"author\":{\"name\":\"Esa Vesmanen\",\"@id\":\"https:\\\/\\\/puredesign.fi\\\/#\\\/schema\\\/person\\\/a7df124e8116b78996bcc63462b1a47d\"},\"headline\":\"Balance \u00e4\u00e4nituoli SILENCE-n\u00e4yttelyss\u00e4\",\"datePublished\":\"2013-04-19T08:08:00+00:00\",\"dateModified\":\"2021-08-30T08:32:07+00:00\",\"mainEntityOfPage\":{\"@id\":\"https:\\\/\\\/puredesign.fi\\\/balance-aanituoli-silence-nayttelyssa\\\/\"},\"wordCount\":82,\"publisher\":{\"@id\":\"https:\\\/\\\/puredesign.fi\\\/#organization\"},\"image\":{\"@id\":\"https:\\\/\\\/puredesign.fi\\\/balance-aanituoli-silence-nayttelyssa\\\/#primaryimage\"},\"thumbnailUrl\":\"https:\\\/\\\/puredesign.fi\\\/wp-content\\\/uploads\\\/2021\\\/07\\\/VesmanenPureDesignBalancePennanenWashington.jpg\",\"articleSection\":[\"Uutta\"],\"inLanguage\":\"en-US\"},{\"@type\":\"WebPage\",\"@id\":\"https:\\\/\\\/puredesign.fi\\\/balance-aanituoli-silence-nayttelyssa\\\/\",\"url\":\"https:\\\/\\\/puredesign.fi\\\/balance-aanituoli-silence-nayttelyssa\\\/\",\"name\":\"Balance \u00e4\u00e4nituoli SILENCE-n\u00e4yttelyss\u00e4 - Puredesign\",\"isPartOf\":{\"@id\":\"https:\\\/\\\/puredesign.fi\\\/#website\"},\"primaryImageOfPage\":{\"@id\":\"https:\\\/\\\/puredesign.fi\\\/balance-aanituoli-silence-nayttelyssa\\\/#primaryimage\"},\"image\":{\"@id\":\"https:\\\/\\\/puredesign.fi\\\/balance-aanituoli-silence-nayttelyssa\\\/#primaryimage\"},\"thumbnailUrl\":\"https:\\\/\\\/puredesign.fi\\\/wp-content\\\/uploads\\\/2021\\\/07\\\/VesmanenPureDesignBalancePennanenWashington.jpg\",\"datePublished\":\"2013-04-19T08:08:00+00:00\",\"dateModified\":\"2021-08-30T08:32:07+00:00\",\"breadcrumb\":{\"@id\":\"https:\\\/\\\/puredesign.fi\\\/balance-aanituoli-silence-nayttelyssa\\\/#breadcrumb\"},\"inLanguage\":\"en-US\",\"potentialAction\":[{\"@type\":\"ReadAction\",\"target\":[\"https:\\\/\\\/puredesign.fi\\\/balance-aanituoli-silence-nayttelyssa\\\/\"]}]},{\"@type\":\"ImageObject\",\"inLanguage\":\"en-US\",\"@id\":\"https:\\\/\\\/puredesign.fi\\\/balance-aanituoli-silence-nayttelyssa\\\/#primaryimage\",\"url\":\"https:\\\/\\\/puredesign.fi\\\/wp-content\\\/uploads\\\/2021\\\/07\\\/VesmanenPureDesignBalancePennanenWashington.jpg\",\"contentUrl\":\"https:\\\/\\\/puredesign.fi\\\/wp-content\\\/uploads\\\/2021\\\/07\\\/VesmanenPureDesignBalancePennanenWashington.jpg\",\"width\":298,\"height\":199},{\"@type\":\"BreadcrumbList\",\"@id\":\"https:\\\/\\\/puredesign.fi\\\/balance-aanituoli-silence-nayttelyssa\\\/#breadcrumb\",\"itemListElement\":[{\"@type\":\"ListItem\",\"position\":1,\"name\":\"Etusivu\",\"item\":\"https:\\\/\\\/puredesign.fi\\\/\"},{\"@type\":\"ListItem\",\"position\":2,\"name\":\"Balance \u00e4\u00e4nituoli SILENCE-n\u00e4yttelyss\u00e4\"}]},{\"@type\":\"WebSite\",\"@id\":\"https:\\\/\\\/puredesign.fi\\\/#website\",\"url\":\"https:\\\/\\\/puredesign.fi\\\/\",\"name\":\"Puredesign\",\"description\":\"\",\"publisher\":{\"@id\":\"https:\\\/\\\/puredesign.fi\\\/#organization\"},\"potentialAction\":[{\"@type\":\"SearchAction\",\"target\":{\"@type\":\"EntryPoint\",\"urlTemplate\":\"https:\\\/\\\/puredesign.fi\\\/?s={search_term_string}\"},\"query-input\":{\"@type\":\"PropertyValueSpecification\",\"valueRequired\":true,\"valueName\":\"search_term_string\"}}],\"inLanguage\":\"en-US\"},{\"@type\":\"Organization\",\"@id\":\"https:\\\/\\\/puredesign.fi\\\/#organization\",\"name\":\"Pure Design\",\"url\":\"https:\\\/\\\/puredesign.fi\\\/\",\"logo\":{\"@type\":\"ImageObject\",\"inLanguage\":\"en-US\",\"@id\":\"https:\\\/\\\/puredesign.fi\\\/#\\\/schema\\\/logo\\\/image\\\/\",\"url\":\"https:\\\/\\\/puredesign.fi\\\/wp-content\\\/uploads\\\/2021\\\/05\\\/pure_design_logo.png\",\"contentUrl\":\"https:\\\/\\\/puredesign.fi\\\/wp-content\\\/uploads\\\/2021\\\/05\\\/pure_design_logo.png\",\"width\":151,\"height\":38,\"caption\":\"Pure Design\"},\"image\":{\"@id\":\"https:\\\/\\\/puredesign.fi\\\/#\\\/schema\\\/logo\\\/image\\\/\"}},{\"@type\":\"Person\",\"@id\":\"https:\\\/\\\/puredesign.fi\\\/#\\\/schema\\\/person\\\/a7df124e8116b78996bcc63462b1a47d\",\"name\":\"Esa Vesmanen\",\"url\":\"https:\\\/\\\/puredesign.fi\\\/en\\\/author\\\/esa\\\/\"}]}<\/script>\n<!-- \/ Yoast SEO plugin. -->","yoast_head_json":{"title":"Balance Audio Chair in the SILENCE exhibition | Pure Design","robots":{"index":"index","follow":"follow","max-snippet":"max-snippet:-1","max-image-preview":"max-image-preview:large","max-video-preview":"max-video-preview:-1"},"canonical":"https:\/\/puredesign.fi\/en\/balance-aanituoli-silence-nayttelyssa\/","og_locale":"en_US","og_type":"article","og_title":"Balance \u00e4\u00e4nituoli SILENCE-n\u00e4yttelyss\u00e4 - Puredesign","og_description":"Suomen suurl\u00e4hetyst\u00f6ss\u00e4 Washingtonissa on esill\u00e4 Esa Vesmasen Balance \u00e4\u00e4nituoli osana SILENCE-n\u00e4yttely\u00e4. Suomen Washingtonin suurl\u00e4hetyst\u00f6ll\u00e4 analysoidaan hiljaisuutta ja \u00e4\u00e4nt\u00e4 SILENCE-nimisess\u00e4 n\u00e4yttelyss\u00e4 sek\u00e4 \u201dSound, Silence and Acoustic Ecology\u201d-seminaarissa. Kulttuurineuvos Anneli Halosen sek\u00e4 Alex van Oss\u2019n kuratoima n\u00e4yttely tutkii teemoja \u00e4\u00e4niteosten, videon, veistosten, maalausten sek\u00e4 \u00e4\u00e4nimaisemien kautta. N\u00e4yttelyss\u00e4 on esill\u00e4 t\u00f6it\u00e4 suomalaisilta sek\u00e4 amerikkalaisilta taiteilijoilta. N\u00e4yttely avautui 19.6.2013...","og_url":"https:\/\/puredesign.fi\/en\/balance-aanituoli-silence-nayttelyssa\/","og_site_name":"Puredesign","article_published_time":"2013-04-19T08:08:00+00:00","article_modified_time":"2021-08-30T08:32:07+00:00","og_image":[{"width":298,"height":199,"url":"https:\/\/puredesign.fi\/wp-content\/uploads\/2021\/07\/VesmanenPureDesignBalancePennanenWashington.jpg","type":"image\/jpeg"}],"author":"Esa Vesmanen","twitter_card":"summary_large_image","twitter_misc":{"Written by":"Esa Vesmanen","Est. reading time":"1 minute"},"schema":{"@context":"https:\/\/schema.org","@graph":[{"@type":"Article","@id":"https:\/\/puredesign.fi\/balance-aanituoli-silence-nayttelyssa\/#article","isPartOf":{"@id":"https:\/\/puredesign.fi\/balance-aanituoli-silence-nayttelyssa\/"},"author":{"name":"Esa Vesmanen","@id":"https:\/\/puredesign.fi\/#\/schema\/person\/a7df124e8116b78996bcc63462b1a47d"},"headline":"Balance \u00e4\u00e4nituoli SILENCE-n\u00e4yttelyss\u00e4","datePublished":"2013-04-19T08:08:00+00:00","dateModified":"2021-08-30T08:32:07+00:00","mainEntityOfPage":{"@id":"https:\/\/puredesign.fi\/balance-aanituoli-silence-nayttelyssa\/"},"wordCount":82,"publisher":{"@id":"https:\/\/puredesign.fi\/#organization"},"image":{"@id":"https:\/\/puredesign.fi\/balance-aanituoli-silence-nayttelyssa\/#primaryimage"},"thumbnailUrl":"https:\/\/puredesign.fi\/wp-content\/uploads\/2021\/07\/VesmanenPureDesignBalancePennanenWashington.jpg","articleSection":["Uutta"],"inLanguage":"en-US"},{"@type":"WebPage","@id":"https:\/\/puredesign.fi\/balance-aanituoli-silence-nayttelyssa\/","url":"https:\/\/puredesign.fi\/balance-aanituoli-silence-nayttelyssa\/","name":"Balance Audio Chair in the SILENCE exhibition | Pure Design","isPartOf":{"@id":"https:\/\/puredesign.fi\/#website"},"primaryImageOfPage":{"@id":"https:\/\/puredesign.fi\/balance-aanituoli-silence-nayttelyssa\/#primaryimage"},"image":{"@id":"https:\/\/puredesign.fi\/balance-aanituoli-silence-nayttelyssa\/#primaryimage"},"thumbnailUrl":"https:\/\/puredesign.fi\/wp-content\/uploads\/2021\/07\/VesmanenPureDesignBalancePennanenWashington.jpg","datePublished":"2013-04-19T08:08:00+00:00","dateModified":"2021-08-30T08:32:07+00:00","breadcrumb":{"@id":"https:\/\/puredesign.fi\/balance-aanituoli-silence-nayttelyssa\/#breadcrumb"},"inLanguage":"en-US","potentialAction":[{"@type":"ReadAction","target":["https:\/\/puredesign.fi\/balance-aanituoli-silence-nayttelyssa\/"]}]},{"@type":"ImageObject","inLanguage":"en-US","@id":"https:\/\/puredesign.fi\/balance-aanituoli-silence-nayttelyssa\/#primaryimage","url":"https:\/\/puredesign.fi\/wp-content\/uploads\/2021\/07\/VesmanenPureDesignBalancePennanenWashington.jpg","contentUrl":"https:\/\/puredesign.fi\/wp-content\/uploads\/2021\/07\/VesmanenPureDesignBalancePennanenWashington.jpg","width":298,"height":199},{"@type":"BreadcrumbList","@id":"https:\/\/puredesign.fi\/balance-aanituoli-silence-nayttelyssa\/#breadcrumb","itemListElement":[{"@type":"ListItem","position":1,"name":"Etusivu","item":"https:\/\/puredesign.fi\/"},{"@type":"ListItem","position":2,"name":"Balance \u00e4\u00e4nituoli SILENCE-n\u00e4yttelyss\u00e4"}]},{"@type":"WebSite","@id":"https:\/\/puredesign.fi\/#website","url":"https:\/\/puredesign.fi\/","name":"Puredesign","description":"","publisher":{"@id":"https:\/\/puredesign.fi\/#organization"},"potentialAction":[{"@type":"SearchAction","target":{"@type":"EntryPoint","urlTemplate":"https:\/\/puredesign.fi\/?s={search_term_string}"},"query-input":{"@type":"PropertyValueSpecification","valueRequired":true,"valueName":"search_term_string"}}],"inLanguage":"en-US"},{"@type":"Organization","@id":"https:\/\/puredesign.fi\/#organization","name":"Pure Design","url":"https:\/\/puredesign.fi\/","logo":{"@type":"ImageObject","inLanguage":"en-US","@id":"https:\/\/puredesign.fi\/#\/schema\/logo\/image\/","url":"https:\/\/puredesign.fi\/wp-content\/uploads\/2021\/05\/pure_design_logo.png","contentUrl":"https:\/\/puredesign.fi\/wp-content\/uploads\/2021\/05\/pure_design_logo.png","width":151,"height":38,"caption":"Pure Design"},"image":{"@id":"https:\/\/puredesign.fi\/#\/schema\/logo\/image\/"}},{"@type":"Person","@id":"https:\/\/puredesign.fi\/#\/schema\/person\/a7df124e8116b78996bcc63462b1a47d","name":"Esa Vesmanen","url":"https:\/\/puredesign.fi\/en\/author\/esa\/"}]}},"_links":{"self":[{"href":"https:\/\/puredesign.fi\/en\/wp-json\/wp\/v2\/posts\/1235","targetHints":{"allow":["GET"]}}],"collection":[{"href":"https:\/\/puredesign.fi\/en\/wp-json\/wp\/v2\/posts"}],"about":[{"href":"https:\/\/puredesign.fi\/en\/wp-json\/wp\/v2\/types\/post"}],"author":[{"embeddable":true,"href":"https:\/\/puredesign.fi\/en\/wp-json\/wp\/v2\/users\/2"}],"replies":[{"embeddable":true,"href":"https:\/\/puredesign.fi\/en\/wp-json\/wp\/v2\/comments?post=1235"}],"version-history":[{"count":2,"href":"https:\/\/puredesign.fi\/en\/wp-json\/wp\/v2\/posts\/1235\/revisions"}],"predecessor-version":[{"id":1396,"href":"https:\/\/puredesign.fi\/en\/wp-json\/wp\/v2\/posts\/1235\/revisions\/1396"}],"wp:featuredmedia":[{"embeddable":true,"href":"https:\/\/puredesign.fi\/en\/wp-json\/wp\/v2\/media\/1236"}],"wp:attachment":[{"href":"https:\/\/puredesign.fi\/en\/wp-json\/wp\/v2\/media?parent=1235"}],"wp:term":[{"taxonomy":"category","embeddable":true,"href":"https:\/\/puredesign.fi\/en\/wp-json\/wp\/v2\/categories?post=1235"},{"taxonomy":"post_tag","embeddable":true,"href":"https:\/\/puredesign.fi\/en\/wp-json\/wp\/v2\/tags?post=1235"}],"curies":[{"name":"wp","href":"https:\/\/api.w.org\/{rel}","templated":true}]}}