{"id":1260,"date":"2014-06-04T11:18:00","date_gmt":"2014-06-04T08:18:00","guid":{"rendered":"http:\/\/31.217.196.224\/~ebseoxbm\/?p=1260"},"modified":"2021-08-30T10:52:26","modified_gmt":"2021-08-30T07:52:26","slug":"puren-balance-tuoli-matkoilla-minneapolisissa","status":"publish","type":"post","link":"https:\/\/puredesign.fi\/en\/pure-design-balance-chair-in-minneapolis\/","title":{"rendered":"Balance-chair by Pure Design traveling to Minneapolis"},"content":{"rendered":"<figure class=\"wp-block-image size-full\"><img fetchpriority=\"high\" decoding=\"async\" width=\"467\" height=\"330\" src=\"https:\/\/puredesign.fi\/wp-content\/uploads\/2021\/07\/PureDesign-balance-minneapolis_2.jpg\" alt=\"\" class=\"wp-image-1261\" srcset=\"https:\/\/puredesign.fi\/wp-content\/uploads\/2021\/07\/PureDesign-balance-minneapolis_2.jpg 467w, https:\/\/puredesign.fi\/wp-content\/uploads\/2021\/07\/PureDesign-balance-minneapolis_2-16x12.jpg 16w\" sizes=\"(max-width: 467px) 100vw, 467px\" \/><\/figure>\n\n\n\n<p><a href=\"http:\/\/new.artsmia.org\/finland-designed-environments\/exhibition-preview\/\" target=\"_blank\" rel=\"noreferrer noopener\">Finland: Designed Environments<\/a>\u00a0-n\u00e4yttelyyn valittu Balance -tuoli matkasi toukokuussa Yhdysvaltoihin. Minneapolis Institute of Arts -taidemuseossa j\u00e4rjestett\u00e4v\u00e4ss\u00e4 n\u00e4yttelyss\u00e4 esitell\u00e4\u00e4n valikoima taidokkaita suomalaisten suunnittelijoiden ja k\u00e4sity\u00f6l\u00e4isten teoksia viimeisen 15 vuoden ajalta. N\u00e4yttely on ensimm\u00e4inen suomalaiseen nykymuotoiluun keskittyv\u00e4 merkitt\u00e4v\u00e4ss\u00e4 amerikkalaisessa museossa j\u00e4rjestett\u00e4v\u00e4 n\u00e4yttely sitten 1990-luvun.<\/p>\n\n\n\n<p>N\u00e4yttelyss\u00e4 on mukana teoksia niin kalustesuunnittelun, muodin, k\u00e4sit\u00f6iden kuin arkkitehtuurin ja kaupunkisuunnittelun aloilta. Teoksia ja esineit\u00e4 yhdist\u00e4\u00e4 luontainen k\u00e4yt\u00e4nn\u00f6llisyys ja panostus hyv\u00e4\u00e4n k\u00e4ytt\u00e4j\u00e4kokemukseen.<\/p>\n\n\n\n<p>N\u00e4yttely\u00e4 tukee&nbsp;<a href=\"http:\/\/www.finland.org\/public\/default.aspx?contentid=303681&amp;nodeid=35833&amp;culture=fi-FI\" target=\"_blank\" rel=\"noreferrer noopener\">Suomen p\u00e4\u00e4konsulaatti New Yorkissa<\/a>,&nbsp;<a href=\"http:\/\/www.amscan.org\/\" target=\"_blank\" rel=\"noreferrer noopener\">The American-Scandinavian Foundation<\/a>&nbsp;ja&nbsp;<a href=\"http:\/\/finlandiafoundation.org\/\" target=\"_blank\" rel=\"noreferrer noopener\">Finlandia Foundation National<\/a>.<\/p>\n\n\n\n<p>N\u00e4yttely on avoinna yleis\u00f6lle 17. elokuuta saakka.<\/p>\n\n\n\n<p><a href=\"http:\/\/online.wsj.com\/news\/articles\/SB10001424052702304441304579477421889466620\" target=\"_blank\" rel=\"noreferrer noopener\">The Wall Street Journal article<\/a><\/p>\n\n\n\n<p><a href=\"http:\/\/blogs.citypages.com\/dressingroom\/2014\/05\/finnish_design.php\" target=\"_blank\" rel=\"noreferrer noopener\">Minneapolis City Pages<\/a><\/p>","protected":false},"excerpt":{"rendered":"<p>Finland: Designed Environments\u00a0-n\u00e4yttelyyn valittu Balance -tuoli matkasi toukokuussa Yhdysvaltoihin. Minneapolis Institute of Arts -taidemuseossa j\u00e4rjestett\u00e4v\u00e4ss\u00e4 n\u00e4yttelyss\u00e4 esitell\u00e4\u00e4n valikoima taidokkaita suomalaisten suunnittelijoiden ja k\u00e4sity\u00f6l\u00e4isten teoksia viimeisen 15 vuoden ajalta. N\u00e4yttely on ensimm\u00e4inen suomalaiseen nykymuotoiluun keskittyv\u00e4 merkitt\u00e4v\u00e4ss\u00e4 amerikkalaisessa museossa j\u00e4rjestett\u00e4v\u00e4 n\u00e4yttely sitten 1990-luvun. N\u00e4yttelyss\u00e4 on mukana teoksia niin kalustesuunnittelun, muodin, k\u00e4sit\u00f6iden kuin arkkitehtuurin ja kaupunkisuunnittelun aloilta. Teoksia&#8230;<\/p>","protected":false},"author":2,"featured_media":1261,"comment_status":"closed","ping_status":"closed","sticky":false,"template":"","format":"standard","meta":{"_kad_post_transparent":"","_kad_post_title":"","_kad_post_layout":"","_kad_post_sidebar_id":"","_kad_post_content_style":"","_kad_post_vertical_padding":"","_kad_post_feature":"","_kad_post_feature_position":"","_kad_post_header":false,"_kad_post_footer":false,"_kad_post_classname":"","footnotes":""},"categories":[1],"tags":[],"class_list":["post-1260","post","type-post","status-publish","format-standard","has-post-thumbnail","hentry","category-uutta"],"yoast_head":"<!-- This site is optimized with the Yoast SEO plugin v27.4 - https:\/\/yoast.com\/product\/yoast-seo-wordpress\/ -->\n<title>Puren Balance-tuoli matkoilla Minneapolisissa - Puredesign<\/title>\n<meta name=\"robots\" content=\"index, follow, max-snippet:-1, max-image-preview:large, max-video-preview:-1\" \/>\n<link rel=\"canonical\" href=\"https:\/\/puredesign.fi\/en\/puren-balance-tuoli-matkoilla-minneapolisissa\/\" \/>\n<meta property=\"og:locale\" content=\"en_US\" \/>\n<meta property=\"og:type\" content=\"article\" \/>\n<meta property=\"og:title\" content=\"Puren Balance-tuoli matkoilla Minneapolisissa - Puredesign\" \/>\n<meta property=\"og:description\" content=\"Finland: Designed Environments\u00a0-n\u00e4yttelyyn valittu Balance -tuoli matkasi toukokuussa Yhdysvaltoihin. Minneapolis Institute of Arts -taidemuseossa j\u00e4rjestett\u00e4v\u00e4ss\u00e4 n\u00e4yttelyss\u00e4 esitell\u00e4\u00e4n valikoima taidokkaita suomalaisten suunnittelijoiden ja k\u00e4sity\u00f6l\u00e4isten teoksia viimeisen 15 vuoden ajalta. N\u00e4yttely on ensimm\u00e4inen suomalaiseen nykymuotoiluun keskittyv\u00e4 merkitt\u00e4v\u00e4ss\u00e4 amerikkalaisessa museossa j\u00e4rjestett\u00e4v\u00e4 n\u00e4yttely sitten 1990-luvun. N\u00e4yttelyss\u00e4 on mukana teoksia niin kalustesuunnittelun, muodin, k\u00e4sit\u00f6iden kuin arkkitehtuurin ja kaupunkisuunnittelun aloilta. Teoksia...\" \/>\n<meta property=\"og:url\" content=\"https:\/\/puredesign.fi\/en\/puren-balance-tuoli-matkoilla-minneapolisissa\/\" \/>\n<meta property=\"og:site_name\" content=\"Puredesign\" \/>\n<meta property=\"article:published_time\" content=\"2014-06-04T08:18:00+00:00\" \/>\n<meta property=\"article:modified_time\" content=\"2021-08-30T07:52:26+00:00\" \/>\n<meta property=\"og:image\" content=\"https:\/\/puredesign.fi\/wp-content\/uploads\/2021\/07\/PureDesign-balance-minneapolis_2.jpg\" \/>\n\t<meta property=\"og:image:width\" content=\"467\" \/>\n\t<meta property=\"og:image:height\" content=\"330\" \/>\n\t<meta property=\"og:image:type\" content=\"image\/jpeg\" \/>\n<meta name=\"author\" content=\"Esa Vesmanen\" \/>\n<meta name=\"twitter:card\" content=\"summary_large_image\" \/>\n<meta name=\"twitter:label1\" content=\"Written by\" \/>\n\t<meta name=\"twitter:data1\" content=\"Esa Vesmanen\" \/>\n\t<meta name=\"twitter:label2\" content=\"Est. reading time\" \/>\n\t<meta name=\"twitter:data2\" content=\"1 minute\" \/>\n<script type=\"application\/ld+json\" class=\"yoast-schema-graph\">{\"@context\":\"https:\\\/\\\/schema.org\",\"@graph\":[{\"@type\":\"Article\",\"@id\":\"https:\\\/\\\/puredesign.fi\\\/puren-balance-tuoli-matkoilla-minneapolisissa\\\/#article\",\"isPartOf\":{\"@id\":\"https:\\\/\\\/puredesign.fi\\\/puren-balance-tuoli-matkoilla-minneapolisissa\\\/\"},\"author\":{\"name\":\"Esa Vesmanen\",\"@id\":\"https:\\\/\\\/puredesign.fi\\\/#\\\/schema\\\/person\\\/a7df124e8116b78996bcc63462b1a47d\"},\"headline\":\"Puren Balance-tuoli matkoilla Minneapolisissa\",\"datePublished\":\"2014-06-04T08:18:00+00:00\",\"dateModified\":\"2021-08-30T07:52:26+00:00\",\"mainEntityOfPage\":{\"@id\":\"https:\\\/\\\/puredesign.fi\\\/puren-balance-tuoli-matkoilla-minneapolisissa\\\/\"},\"wordCount\":131,\"publisher\":{\"@id\":\"https:\\\/\\\/puredesign.fi\\\/#organization\"},\"image\":{\"@id\":\"https:\\\/\\\/puredesign.fi\\\/puren-balance-tuoli-matkoilla-minneapolisissa\\\/#primaryimage\"},\"thumbnailUrl\":\"https:\\\/\\\/puredesign.fi\\\/wp-content\\\/uploads\\\/2021\\\/07\\\/PureDesign-balance-minneapolis_2.jpg\",\"articleSection\":[\"Uutta\"],\"inLanguage\":\"en-US\"},{\"@type\":\"WebPage\",\"@id\":\"https:\\\/\\\/puredesign.fi\\\/puren-balance-tuoli-matkoilla-minneapolisissa\\\/\",\"url\":\"https:\\\/\\\/puredesign.fi\\\/puren-balance-tuoli-matkoilla-minneapolisissa\\\/\",\"name\":\"Puren Balance-tuoli matkoilla Minneapolisissa - Puredesign\",\"isPartOf\":{\"@id\":\"https:\\\/\\\/puredesign.fi\\\/#website\"},\"primaryImageOfPage\":{\"@id\":\"https:\\\/\\\/puredesign.fi\\\/puren-balance-tuoli-matkoilla-minneapolisissa\\\/#primaryimage\"},\"image\":{\"@id\":\"https:\\\/\\\/puredesign.fi\\\/puren-balance-tuoli-matkoilla-minneapolisissa\\\/#primaryimage\"},\"thumbnailUrl\":\"https:\\\/\\\/puredesign.fi\\\/wp-content\\\/uploads\\\/2021\\\/07\\\/PureDesign-balance-minneapolis_2.jpg\",\"datePublished\":\"2014-06-04T08:18:00+00:00\",\"dateModified\":\"2021-08-30T07:52:26+00:00\",\"breadcrumb\":{\"@id\":\"https:\\\/\\\/puredesign.fi\\\/puren-balance-tuoli-matkoilla-minneapolisissa\\\/#breadcrumb\"},\"inLanguage\":\"en-US\",\"potentialAction\":[{\"@type\":\"ReadAction\",\"target\":[\"https:\\\/\\\/puredesign.fi\\\/puren-balance-tuoli-matkoilla-minneapolisissa\\\/\"]}]},{\"@type\":\"ImageObject\",\"inLanguage\":\"en-US\",\"@id\":\"https:\\\/\\\/puredesign.fi\\\/puren-balance-tuoli-matkoilla-minneapolisissa\\\/#primaryimage\",\"url\":\"https:\\\/\\\/puredesign.fi\\\/wp-content\\\/uploads\\\/2021\\\/07\\\/PureDesign-balance-minneapolis_2.jpg\",\"contentUrl\":\"https:\\\/\\\/puredesign.fi\\\/wp-content\\\/uploads\\\/2021\\\/07\\\/PureDesign-balance-minneapolis_2.jpg\",\"width\":467,\"height\":330},{\"@type\":\"BreadcrumbList\",\"@id\":\"https:\\\/\\\/puredesign.fi\\\/puren-balance-tuoli-matkoilla-minneapolisissa\\\/#breadcrumb\",\"itemListElement\":[{\"@type\":\"ListItem\",\"position\":1,\"name\":\"Etusivu\",\"item\":\"https:\\\/\\\/puredesign.fi\\\/\"},{\"@type\":\"ListItem\",\"position\":2,\"name\":\"Puren Balance-tuoli matkoilla Minneapolisissa\"}]},{\"@type\":\"WebSite\",\"@id\":\"https:\\\/\\\/puredesign.fi\\\/#website\",\"url\":\"https:\\\/\\\/puredesign.fi\\\/\",\"name\":\"Puredesign\",\"description\":\"\",\"publisher\":{\"@id\":\"https:\\\/\\\/puredesign.fi\\\/#organization\"},\"potentialAction\":[{\"@type\":\"SearchAction\",\"target\":{\"@type\":\"EntryPoint\",\"urlTemplate\":\"https:\\\/\\\/puredesign.fi\\\/?s={search_term_string}\"},\"query-input\":{\"@type\":\"PropertyValueSpecification\",\"valueRequired\":true,\"valueName\":\"search_term_string\"}}],\"inLanguage\":\"en-US\"},{\"@type\":\"Organization\",\"@id\":\"https:\\\/\\\/puredesign.fi\\\/#organization\",\"name\":\"Pure Design\",\"url\":\"https:\\\/\\\/puredesign.fi\\\/\",\"logo\":{\"@type\":\"ImageObject\",\"inLanguage\":\"en-US\",\"@id\":\"https:\\\/\\\/puredesign.fi\\\/#\\\/schema\\\/logo\\\/image\\\/\",\"url\":\"https:\\\/\\\/puredesign.fi\\\/wp-content\\\/uploads\\\/2021\\\/05\\\/pure_design_logo.png\",\"contentUrl\":\"https:\\\/\\\/puredesign.fi\\\/wp-content\\\/uploads\\\/2021\\\/05\\\/pure_design_logo.png\",\"width\":151,\"height\":38,\"caption\":\"Pure Design\"},\"image\":{\"@id\":\"https:\\\/\\\/puredesign.fi\\\/#\\\/schema\\\/logo\\\/image\\\/\"}},{\"@type\":\"Person\",\"@id\":\"https:\\\/\\\/puredesign.fi\\\/#\\\/schema\\\/person\\\/a7df124e8116b78996bcc63462b1a47d\",\"name\":\"Esa Vesmanen\",\"url\":\"https:\\\/\\\/puredesign.fi\\\/en\\\/author\\\/esa\\\/\"}]}<\/script>\n<!-- \/ Yoast SEO plugin. -->","yoast_head_json":{"title":"Balance-chair by Pure Design traveling to Minneapolis","robots":{"index":"index","follow":"follow","max-snippet":"max-snippet:-1","max-image-preview":"max-image-preview:large","max-video-preview":"max-video-preview:-1"},"canonical":"https:\/\/puredesign.fi\/en\/puren-balance-tuoli-matkoilla-minneapolisissa\/","og_locale":"en_US","og_type":"article","og_title":"Puren Balance-tuoli matkoilla Minneapolisissa - Puredesign","og_description":"Finland: Designed Environments\u00a0-n\u00e4yttelyyn valittu Balance -tuoli matkasi toukokuussa Yhdysvaltoihin. Minneapolis Institute of Arts -taidemuseossa j\u00e4rjestett\u00e4v\u00e4ss\u00e4 n\u00e4yttelyss\u00e4 esitell\u00e4\u00e4n valikoima taidokkaita suomalaisten suunnittelijoiden ja k\u00e4sity\u00f6l\u00e4isten teoksia viimeisen 15 vuoden ajalta. N\u00e4yttely on ensimm\u00e4inen suomalaiseen nykymuotoiluun keskittyv\u00e4 merkitt\u00e4v\u00e4ss\u00e4 amerikkalaisessa museossa j\u00e4rjestett\u00e4v\u00e4 n\u00e4yttely sitten 1990-luvun. N\u00e4yttelyss\u00e4 on mukana teoksia niin kalustesuunnittelun, muodin, k\u00e4sit\u00f6iden kuin arkkitehtuurin ja kaupunkisuunnittelun aloilta. Teoksia...","og_url":"https:\/\/puredesign.fi\/en\/puren-balance-tuoli-matkoilla-minneapolisissa\/","og_site_name":"Puredesign","article_published_time":"2014-06-04T08:18:00+00:00","article_modified_time":"2021-08-30T07:52:26+00:00","og_image":[{"width":467,"height":330,"url":"https:\/\/puredesign.fi\/wp-content\/uploads\/2021\/07\/PureDesign-balance-minneapolis_2.jpg","type":"image\/jpeg"}],"author":"Esa Vesmanen","twitter_card":"summary_large_image","twitter_misc":{"Written by":"Esa Vesmanen","Est. reading time":"1 minute"},"schema":{"@context":"https:\/\/schema.org","@graph":[{"@type":"Article","@id":"https:\/\/puredesign.fi\/puren-balance-tuoli-matkoilla-minneapolisissa\/#article","isPartOf":{"@id":"https:\/\/puredesign.fi\/puren-balance-tuoli-matkoilla-minneapolisissa\/"},"author":{"name":"Esa Vesmanen","@id":"https:\/\/puredesign.fi\/#\/schema\/person\/a7df124e8116b78996bcc63462b1a47d"},"headline":"Puren Balance-tuoli matkoilla Minneapolisissa","datePublished":"2014-06-04T08:18:00+00:00","dateModified":"2021-08-30T07:52:26+00:00","mainEntityOfPage":{"@id":"https:\/\/puredesign.fi\/puren-balance-tuoli-matkoilla-minneapolisissa\/"},"wordCount":131,"publisher":{"@id":"https:\/\/puredesign.fi\/#organization"},"image":{"@id":"https:\/\/puredesign.fi\/puren-balance-tuoli-matkoilla-minneapolisissa\/#primaryimage"},"thumbnailUrl":"https:\/\/puredesign.fi\/wp-content\/uploads\/2021\/07\/PureDesign-balance-minneapolis_2.jpg","articleSection":["Uutta"],"inLanguage":"en-US"},{"@type":"WebPage","@id":"https:\/\/puredesign.fi\/puren-balance-tuoli-matkoilla-minneapolisissa\/","url":"https:\/\/puredesign.fi\/puren-balance-tuoli-matkoilla-minneapolisissa\/","name":"Balance-chair by Pure Design traveling to Minneapolis","isPartOf":{"@id":"https:\/\/puredesign.fi\/#website"},"primaryImageOfPage":{"@id":"https:\/\/puredesign.fi\/puren-balance-tuoli-matkoilla-minneapolisissa\/#primaryimage"},"image":{"@id":"https:\/\/puredesign.fi\/puren-balance-tuoli-matkoilla-minneapolisissa\/#primaryimage"},"thumbnailUrl":"https:\/\/puredesign.fi\/wp-content\/uploads\/2021\/07\/PureDesign-balance-minneapolis_2.jpg","datePublished":"2014-06-04T08:18:00+00:00","dateModified":"2021-08-30T07:52:26+00:00","breadcrumb":{"@id":"https:\/\/puredesign.fi\/puren-balance-tuoli-matkoilla-minneapolisissa\/#breadcrumb"},"inLanguage":"en-US","potentialAction":[{"@type":"ReadAction","target":["https:\/\/puredesign.fi\/puren-balance-tuoli-matkoilla-minneapolisissa\/"]}]},{"@type":"ImageObject","inLanguage":"en-US","@id":"https:\/\/puredesign.fi\/puren-balance-tuoli-matkoilla-minneapolisissa\/#primaryimage","url":"https:\/\/puredesign.fi\/wp-content\/uploads\/2021\/07\/PureDesign-balance-minneapolis_2.jpg","contentUrl":"https:\/\/puredesign.fi\/wp-content\/uploads\/2021\/07\/PureDesign-balance-minneapolis_2.jpg","width":467,"height":330},{"@type":"BreadcrumbList","@id":"https:\/\/puredesign.fi\/puren-balance-tuoli-matkoilla-minneapolisissa\/#breadcrumb","itemListElement":[{"@type":"ListItem","position":1,"name":"Etusivu","item":"https:\/\/puredesign.fi\/"},{"@type":"ListItem","position":2,"name":"Puren Balance-tuoli matkoilla Minneapolisissa"}]},{"@type":"WebSite","@id":"https:\/\/puredesign.fi\/#website","url":"https:\/\/puredesign.fi\/","name":"Puredesign","description":"","publisher":{"@id":"https:\/\/puredesign.fi\/#organization"},"potentialAction":[{"@type":"SearchAction","target":{"@type":"EntryPoint","urlTemplate":"https:\/\/puredesign.fi\/?s={search_term_string}"},"query-input":{"@type":"PropertyValueSpecification","valueRequired":true,"valueName":"search_term_string"}}],"inLanguage":"en-US"},{"@type":"Organization","@id":"https:\/\/puredesign.fi\/#organization","name":"Pure Design","url":"https:\/\/puredesign.fi\/","logo":{"@type":"ImageObject","inLanguage":"en-US","@id":"https:\/\/puredesign.fi\/#\/schema\/logo\/image\/","url":"https:\/\/puredesign.fi\/wp-content\/uploads\/2021\/05\/pure_design_logo.png","contentUrl":"https:\/\/puredesign.fi\/wp-content\/uploads\/2021\/05\/pure_design_logo.png","width":151,"height":38,"caption":"Pure Design"},"image":{"@id":"https:\/\/puredesign.fi\/#\/schema\/logo\/image\/"}},{"@type":"Person","@id":"https:\/\/puredesign.fi\/#\/schema\/person\/a7df124e8116b78996bcc63462b1a47d","name":"Esa Vesmanen","url":"https:\/\/puredesign.fi\/en\/author\/esa\/"}]}},"_links":{"self":[{"href":"https:\/\/puredesign.fi\/en\/wp-json\/wp\/v2\/posts\/1260","targetHints":{"allow":["GET"]}}],"collection":[{"href":"https:\/\/puredesign.fi\/en\/wp-json\/wp\/v2\/posts"}],"about":[{"href":"https:\/\/puredesign.fi\/en\/wp-json\/wp\/v2\/types\/post"}],"author":[{"embeddable":true,"href":"https:\/\/puredesign.fi\/en\/wp-json\/wp\/v2\/users\/2"}],"replies":[{"embeddable":true,"href":"https:\/\/puredesign.fi\/en\/wp-json\/wp\/v2\/comments?post=1260"}],"version-history":[{"count":2,"href":"https:\/\/puredesign.fi\/en\/wp-json\/wp\/v2\/posts\/1260\/revisions"}],"predecessor-version":[{"id":1355,"href":"https:\/\/puredesign.fi\/en\/wp-json\/wp\/v2\/posts\/1260\/revisions\/1355"}],"wp:featuredmedia":[{"embeddable":true,"href":"https:\/\/puredesign.fi\/en\/wp-json\/wp\/v2\/media\/1261"}],"wp:attachment":[{"href":"https:\/\/puredesign.fi\/en\/wp-json\/wp\/v2\/media?parent=1260"}],"wp:term":[{"taxonomy":"category","embeddable":true,"href":"https:\/\/puredesign.fi\/en\/wp-json\/wp\/v2\/categories?post=1260"},{"taxonomy":"post_tag","embeddable":true,"href":"https:\/\/puredesign.fi\/en\/wp-json\/wp\/v2\/tags?post=1260"}],"curies":[{"name":"wp","href":"https:\/\/api.w.org\/{rel}","templated":true}]}}