{"id":1278,"date":"2015-08-23T11:24:00","date_gmt":"2015-08-23T08:24:00","guid":{"rendered":"http:\/\/31.217.196.224\/~ebseoxbm\/?p=1278"},"modified":"2021-08-30T10:44:35","modified_gmt":"2021-08-30T07:44:35","slug":"valoisa-baana-tapahtuma","status":"publish","type":"post","link":"https:\/\/puredesign.fi\/en\/bright-baana-event\/","title":{"rendered":"Bright Baana Event 2015"},"content":{"rendered":"<figure class=\"wp-block-image size-full\"><img fetchpriority=\"high\" decoding=\"async\" width=\"500\" height=\"327\" src=\"https:\/\/puredesign.fi\/wp-content\/uploads\/2021\/07\/resizedimage500327-PureDesign2015ValoisaBaanalowres03.jpg\" alt=\"\" class=\"wp-image-1279\" title=\"\" srcset=\"https:\/\/puredesign.fi\/wp-content\/uploads\/2021\/07\/resizedimage500327-PureDesign2015ValoisaBaanalowres03.jpg 500w, https:\/\/puredesign.fi\/wp-content\/uploads\/2021\/07\/resizedimage500327-PureDesign2015ValoisaBaanalowres03-16x10.jpg 16w\" sizes=\"(max-width: 500px) 100vw, 500px\" \/><\/figure>\n\n\n\n<p>Pure Design celebrated the UN International Year of Light with the&nbsp;<a href=\"https:\/\/www.valoisabaana.fi\" target=\"_blank\" rel=\"noreferrer noopener\">Bright Baana<\/a>&nbsp;- event. In September 2015, the bridges of Baana transformed into lighting installations for four days.<\/p>\n\n\n\n<p>The Bright Shadows installation below Antinkatu bridge was created through contrast, by playing with light and shadow. The installation presents how simple features, such as shadows, reflections and spot lights, can affect the atmosphere of the space and how it is experienced.<\/p>\n\n\n\n<p>Workgroup: Interior Architect Esa Vesmanen, Designer Katariina Laakso and interior architect student Peppi Kankkunen \/ Pure Design Oy, Lighting Designer Heini Sepp\u00e4l\u00e4 \/ RE-Suunnittelu Oy and Interior Architect Helena Aalto<\/p>\n\n\n\n<p>H\u00e5kan L\u00e5ngstedt \/ SAAS Instruments Oy<\/p>\n\n\n\n<p>Also students of Helsinki Metropolia University of Applied Sciences: Henri Vahtere, Tuomas Lahti, Asko Pajunen<\/p>","protected":false},"excerpt":{"rendered":"<p>Pure Design juhlisti YK:n Kansainv\u00e4list\u00e4 Valon vuotta osallistumalla&nbsp;Valoisa Baana&nbsp;-tapahtumaan. Kevyenliikenteen k\u00e4yt\u00f6ss\u00e4 olevan Baanan sillat loistivat valoteoksina nelj\u00e4n p\u00e4iv\u00e4n ajan, 24.-27.9.2015. Antinkadun sillan alisen maailman Loistavat varjot -teos tehtiin vastakohtien, valon ja varjon vuorottelulla. Installaatiossa tuotiin esille, miten yksinkertaisilla ominaisuuksilla kuten varjoilla, heijastuksilla ja valon kohdistuksella voidaan vaikuttaa tilan tunnelmaan ja sen kokemiseen. Ty\u00f6ryhm\u00e4: Sisustusarkkitehti Esa&#8230;<\/p>","protected":false},"author":2,"featured_media":1279,"comment_status":"closed","ping_status":"closed","sticky":false,"template":"","format":"standard","meta":{"_kad_post_transparent":"","_kad_post_title":"","_kad_post_layout":"","_kad_post_sidebar_id":"","_kad_post_content_style":"","_kad_post_vertical_padding":"","_kad_post_feature":"","_kad_post_feature_position":"","_kad_post_header":false,"_kad_post_footer":false,"_kad_post_classname":"","footnotes":""},"categories":[1],"tags":[],"class_list":["post-1278","post","type-post","status-publish","format-standard","has-post-thumbnail","hentry","category-uutta"],"yoast_head":"<!-- This site is optimized with the Yoast SEO plugin v27.4 - https:\/\/yoast.com\/product\/yoast-seo-wordpress\/ -->\n<title>Valoisa Baana -tapahtuma - Puredesign<\/title>\n<meta name=\"robots\" content=\"index, follow, max-snippet:-1, max-image-preview:large, max-video-preview:-1\" \/>\n<link rel=\"canonical\" href=\"https:\/\/puredesign.fi\/en\/valoisa-baana-tapahtuma\/\" \/>\n<meta property=\"og:locale\" content=\"en_US\" \/>\n<meta property=\"og:type\" content=\"article\" \/>\n<meta property=\"og:title\" content=\"Valoisa Baana -tapahtuma - Puredesign\" \/>\n<meta property=\"og:description\" content=\"Pure Design juhlisti YK:n Kansainv\u00e4list\u00e4 Valon vuotta osallistumalla&nbsp;Valoisa Baana&nbsp;-tapahtumaan. Kevyenliikenteen k\u00e4yt\u00f6ss\u00e4 olevan Baanan sillat loistivat valoteoksina nelj\u00e4n p\u00e4iv\u00e4n ajan, 24.-27.9.2015. Antinkadun sillan alisen maailman Loistavat varjot -teos tehtiin vastakohtien, valon ja varjon vuorottelulla. Installaatiossa tuotiin esille, miten yksinkertaisilla ominaisuuksilla kuten varjoilla, heijastuksilla ja valon kohdistuksella voidaan vaikuttaa tilan tunnelmaan ja sen kokemiseen. Ty\u00f6ryhm\u00e4: Sisustusarkkitehti Esa...\" \/>\n<meta property=\"og:url\" content=\"https:\/\/puredesign.fi\/en\/valoisa-baana-tapahtuma\/\" \/>\n<meta property=\"og:site_name\" content=\"Puredesign\" \/>\n<meta property=\"article:published_time\" content=\"2015-08-23T08:24:00+00:00\" \/>\n<meta property=\"article:modified_time\" content=\"2021-08-30T07:44:35+00:00\" \/>\n<meta property=\"og:image\" content=\"https:\/\/puredesign.fi\/wp-content\/uploads\/2021\/07\/resizedimage500327-PureDesign2015ValoisaBaanalowres03.jpg\" \/>\n\t<meta property=\"og:image:width\" content=\"500\" \/>\n\t<meta property=\"og:image:height\" content=\"327\" \/>\n\t<meta property=\"og:image:type\" content=\"image\/jpeg\" \/>\n<meta name=\"author\" content=\"Esa Vesmanen\" \/>\n<meta name=\"twitter:card\" content=\"summary_large_image\" \/>\n<meta name=\"twitter:label1\" content=\"Written by\" \/>\n\t<meta name=\"twitter:data1\" content=\"Esa Vesmanen\" \/>\n\t<meta name=\"twitter:label2\" content=\"Est. reading time\" \/>\n\t<meta name=\"twitter:data2\" content=\"1 minute\" \/>\n<script type=\"application\/ld+json\" class=\"yoast-schema-graph\">{\"@context\":\"https:\\\/\\\/schema.org\",\"@graph\":[{\"@type\":\"Article\",\"@id\":\"https:\\\/\\\/puredesign.fi\\\/valoisa-baana-tapahtuma\\\/#article\",\"isPartOf\":{\"@id\":\"https:\\\/\\\/puredesign.fi\\\/valoisa-baana-tapahtuma\\\/\"},\"author\":{\"name\":\"Esa Vesmanen\",\"@id\":\"https:\\\/\\\/puredesign.fi\\\/#\\\/schema\\\/person\\\/a7df124e8116b78996bcc63462b1a47d\"},\"headline\":\"Valoisa Baana -tapahtuma\",\"datePublished\":\"2015-08-23T08:24:00+00:00\",\"dateModified\":\"2021-08-30T07:44:35+00:00\",\"mainEntityOfPage\":{\"@id\":\"https:\\\/\\\/puredesign.fi\\\/valoisa-baana-tapahtuma\\\/\"},\"wordCount\":112,\"publisher\":{\"@id\":\"https:\\\/\\\/puredesign.fi\\\/#organization\"},\"image\":{\"@id\":\"https:\\\/\\\/puredesign.fi\\\/valoisa-baana-tapahtuma\\\/#primaryimage\"},\"thumbnailUrl\":\"https:\\\/\\\/puredesign.fi\\\/wp-content\\\/uploads\\\/2021\\\/07\\\/resizedimage500327-PureDesign2015ValoisaBaanalowres03.jpg\",\"articleSection\":[\"Uutta\"],\"inLanguage\":\"en-US\"},{\"@type\":\"WebPage\",\"@id\":\"https:\\\/\\\/puredesign.fi\\\/valoisa-baana-tapahtuma\\\/\",\"url\":\"https:\\\/\\\/puredesign.fi\\\/valoisa-baana-tapahtuma\\\/\",\"name\":\"Valoisa Baana -tapahtuma - Puredesign\",\"isPartOf\":{\"@id\":\"https:\\\/\\\/puredesign.fi\\\/#website\"},\"primaryImageOfPage\":{\"@id\":\"https:\\\/\\\/puredesign.fi\\\/valoisa-baana-tapahtuma\\\/#primaryimage\"},\"image\":{\"@id\":\"https:\\\/\\\/puredesign.fi\\\/valoisa-baana-tapahtuma\\\/#primaryimage\"},\"thumbnailUrl\":\"https:\\\/\\\/puredesign.fi\\\/wp-content\\\/uploads\\\/2021\\\/07\\\/resizedimage500327-PureDesign2015ValoisaBaanalowres03.jpg\",\"datePublished\":\"2015-08-23T08:24:00+00:00\",\"dateModified\":\"2021-08-30T07:44:35+00:00\",\"breadcrumb\":{\"@id\":\"https:\\\/\\\/puredesign.fi\\\/valoisa-baana-tapahtuma\\\/#breadcrumb\"},\"inLanguage\":\"en-US\",\"potentialAction\":[{\"@type\":\"ReadAction\",\"target\":[\"https:\\\/\\\/puredesign.fi\\\/valoisa-baana-tapahtuma\\\/\"]}]},{\"@type\":\"ImageObject\",\"inLanguage\":\"en-US\",\"@id\":\"https:\\\/\\\/puredesign.fi\\\/valoisa-baana-tapahtuma\\\/#primaryimage\",\"url\":\"https:\\\/\\\/puredesign.fi\\\/wp-content\\\/uploads\\\/2021\\\/07\\\/resizedimage500327-PureDesign2015ValoisaBaanalowres03.jpg\",\"contentUrl\":\"https:\\\/\\\/puredesign.fi\\\/wp-content\\\/uploads\\\/2021\\\/07\\\/resizedimage500327-PureDesign2015ValoisaBaanalowres03.jpg\",\"width\":500,\"height\":327,\"caption\":\"ValoisaBaana\"},{\"@type\":\"BreadcrumbList\",\"@id\":\"https:\\\/\\\/puredesign.fi\\\/valoisa-baana-tapahtuma\\\/#breadcrumb\",\"itemListElement\":[{\"@type\":\"ListItem\",\"position\":1,\"name\":\"Etusivu\",\"item\":\"https:\\\/\\\/puredesign.fi\\\/\"},{\"@type\":\"ListItem\",\"position\":2,\"name\":\"Valoisa Baana -tapahtuma\"}]},{\"@type\":\"WebSite\",\"@id\":\"https:\\\/\\\/puredesign.fi\\\/#website\",\"url\":\"https:\\\/\\\/puredesign.fi\\\/\",\"name\":\"Puredesign\",\"description\":\"\",\"publisher\":{\"@id\":\"https:\\\/\\\/puredesign.fi\\\/#organization\"},\"potentialAction\":[{\"@type\":\"SearchAction\",\"target\":{\"@type\":\"EntryPoint\",\"urlTemplate\":\"https:\\\/\\\/puredesign.fi\\\/?s={search_term_string}\"},\"query-input\":{\"@type\":\"PropertyValueSpecification\",\"valueRequired\":true,\"valueName\":\"search_term_string\"}}],\"inLanguage\":\"en-US\"},{\"@type\":\"Organization\",\"@id\":\"https:\\\/\\\/puredesign.fi\\\/#organization\",\"name\":\"Pure Design\",\"url\":\"https:\\\/\\\/puredesign.fi\\\/\",\"logo\":{\"@type\":\"ImageObject\",\"inLanguage\":\"en-US\",\"@id\":\"https:\\\/\\\/puredesign.fi\\\/#\\\/schema\\\/logo\\\/image\\\/\",\"url\":\"https:\\\/\\\/puredesign.fi\\\/wp-content\\\/uploads\\\/2021\\\/05\\\/pure_design_logo.png\",\"contentUrl\":\"https:\\\/\\\/puredesign.fi\\\/wp-content\\\/uploads\\\/2021\\\/05\\\/pure_design_logo.png\",\"width\":151,\"height\":38,\"caption\":\"Pure Design\"},\"image\":{\"@id\":\"https:\\\/\\\/puredesign.fi\\\/#\\\/schema\\\/logo\\\/image\\\/\"}},{\"@type\":\"Person\",\"@id\":\"https:\\\/\\\/puredesign.fi\\\/#\\\/schema\\\/person\\\/a7df124e8116b78996bcc63462b1a47d\",\"name\":\"Esa Vesmanen\",\"url\":\"https:\\\/\\\/puredesign.fi\\\/en\\\/author\\\/esa\\\/\"}]}<\/script>\n<!-- \/ Yoast SEO plugin. -->","yoast_head_json":{"title":"Bright Baana Event 2015 | Puredesign Helsinki","robots":{"index":"index","follow":"follow","max-snippet":"max-snippet:-1","max-image-preview":"max-image-preview:large","max-video-preview":"max-video-preview:-1"},"canonical":"https:\/\/puredesign.fi\/en\/valoisa-baana-tapahtuma\/","og_locale":"en_US","og_type":"article","og_title":"Valoisa Baana -tapahtuma - Puredesign","og_description":"Pure Design juhlisti YK:n Kansainv\u00e4list\u00e4 Valon vuotta osallistumalla&nbsp;Valoisa Baana&nbsp;-tapahtumaan. Kevyenliikenteen k\u00e4yt\u00f6ss\u00e4 olevan Baanan sillat loistivat valoteoksina nelj\u00e4n p\u00e4iv\u00e4n ajan, 24.-27.9.2015. Antinkadun sillan alisen maailman Loistavat varjot -teos tehtiin vastakohtien, valon ja varjon vuorottelulla. Installaatiossa tuotiin esille, miten yksinkertaisilla ominaisuuksilla kuten varjoilla, heijastuksilla ja valon kohdistuksella voidaan vaikuttaa tilan tunnelmaan ja sen kokemiseen. Ty\u00f6ryhm\u00e4: Sisustusarkkitehti Esa...","og_url":"https:\/\/puredesign.fi\/en\/valoisa-baana-tapahtuma\/","og_site_name":"Puredesign","article_published_time":"2015-08-23T08:24:00+00:00","article_modified_time":"2021-08-30T07:44:35+00:00","og_image":[{"width":500,"height":327,"url":"https:\/\/puredesign.fi\/wp-content\/uploads\/2021\/07\/resizedimage500327-PureDesign2015ValoisaBaanalowres03.jpg","type":"image\/jpeg"}],"author":"Esa Vesmanen","twitter_card":"summary_large_image","twitter_misc":{"Written by":"Esa Vesmanen","Est. reading time":"1 minute"},"schema":{"@context":"https:\/\/schema.org","@graph":[{"@type":"Article","@id":"https:\/\/puredesign.fi\/valoisa-baana-tapahtuma\/#article","isPartOf":{"@id":"https:\/\/puredesign.fi\/valoisa-baana-tapahtuma\/"},"author":{"name":"Esa Vesmanen","@id":"https:\/\/puredesign.fi\/#\/schema\/person\/a7df124e8116b78996bcc63462b1a47d"},"headline":"Valoisa Baana -tapahtuma","datePublished":"2015-08-23T08:24:00+00:00","dateModified":"2021-08-30T07:44:35+00:00","mainEntityOfPage":{"@id":"https:\/\/puredesign.fi\/valoisa-baana-tapahtuma\/"},"wordCount":112,"publisher":{"@id":"https:\/\/puredesign.fi\/#organization"},"image":{"@id":"https:\/\/puredesign.fi\/valoisa-baana-tapahtuma\/#primaryimage"},"thumbnailUrl":"https:\/\/puredesign.fi\/wp-content\/uploads\/2021\/07\/resizedimage500327-PureDesign2015ValoisaBaanalowres03.jpg","articleSection":["Uutta"],"inLanguage":"en-US"},{"@type":"WebPage","@id":"https:\/\/puredesign.fi\/valoisa-baana-tapahtuma\/","url":"https:\/\/puredesign.fi\/valoisa-baana-tapahtuma\/","name":"Bright Baana Event 2015 | Puredesign Helsinki","isPartOf":{"@id":"https:\/\/puredesign.fi\/#website"},"primaryImageOfPage":{"@id":"https:\/\/puredesign.fi\/valoisa-baana-tapahtuma\/#primaryimage"},"image":{"@id":"https:\/\/puredesign.fi\/valoisa-baana-tapahtuma\/#primaryimage"},"thumbnailUrl":"https:\/\/puredesign.fi\/wp-content\/uploads\/2021\/07\/resizedimage500327-PureDesign2015ValoisaBaanalowres03.jpg","datePublished":"2015-08-23T08:24:00+00:00","dateModified":"2021-08-30T07:44:35+00:00","breadcrumb":{"@id":"https:\/\/puredesign.fi\/valoisa-baana-tapahtuma\/#breadcrumb"},"inLanguage":"en-US","potentialAction":[{"@type":"ReadAction","target":["https:\/\/puredesign.fi\/valoisa-baana-tapahtuma\/"]}]},{"@type":"ImageObject","inLanguage":"en-US","@id":"https:\/\/puredesign.fi\/valoisa-baana-tapahtuma\/#primaryimage","url":"https:\/\/puredesign.fi\/wp-content\/uploads\/2021\/07\/resizedimage500327-PureDesign2015ValoisaBaanalowres03.jpg","contentUrl":"https:\/\/puredesign.fi\/wp-content\/uploads\/2021\/07\/resizedimage500327-PureDesign2015ValoisaBaanalowres03.jpg","width":500,"height":327,"caption":"ValoisaBaana"},{"@type":"BreadcrumbList","@id":"https:\/\/puredesign.fi\/valoisa-baana-tapahtuma\/#breadcrumb","itemListElement":[{"@type":"ListItem","position":1,"name":"Etusivu","item":"https:\/\/puredesign.fi\/"},{"@type":"ListItem","position":2,"name":"Valoisa Baana -tapahtuma"}]},{"@type":"WebSite","@id":"https:\/\/puredesign.fi\/#website","url":"https:\/\/puredesign.fi\/","name":"Puredesign","description":"","publisher":{"@id":"https:\/\/puredesign.fi\/#organization"},"potentialAction":[{"@type":"SearchAction","target":{"@type":"EntryPoint","urlTemplate":"https:\/\/puredesign.fi\/?s={search_term_string}"},"query-input":{"@type":"PropertyValueSpecification","valueRequired":true,"valueName":"search_term_string"}}],"inLanguage":"en-US"},{"@type":"Organization","@id":"https:\/\/puredesign.fi\/#organization","name":"Pure Design","url":"https:\/\/puredesign.fi\/","logo":{"@type":"ImageObject","inLanguage":"en-US","@id":"https:\/\/puredesign.fi\/#\/schema\/logo\/image\/","url":"https:\/\/puredesign.fi\/wp-content\/uploads\/2021\/05\/pure_design_logo.png","contentUrl":"https:\/\/puredesign.fi\/wp-content\/uploads\/2021\/05\/pure_design_logo.png","width":151,"height":38,"caption":"Pure Design"},"image":{"@id":"https:\/\/puredesign.fi\/#\/schema\/logo\/image\/"}},{"@type":"Person","@id":"https:\/\/puredesign.fi\/#\/schema\/person\/a7df124e8116b78996bcc63462b1a47d","name":"Esa Vesmanen","url":"https:\/\/puredesign.fi\/en\/author\/esa\/"}]}},"_links":{"self":[{"href":"https:\/\/puredesign.fi\/en\/wp-json\/wp\/v2\/posts\/1278","targetHints":{"allow":["GET"]}}],"collection":[{"href":"https:\/\/puredesign.fi\/en\/wp-json\/wp\/v2\/posts"}],"about":[{"href":"https:\/\/puredesign.fi\/en\/wp-json\/wp\/v2\/types\/post"}],"author":[{"embeddable":true,"href":"https:\/\/puredesign.fi\/en\/wp-json\/wp\/v2\/users\/2"}],"replies":[{"embeddable":true,"href":"https:\/\/puredesign.fi\/en\/wp-json\/wp\/v2\/comments?post=1278"}],"version-history":[{"count":2,"href":"https:\/\/puredesign.fi\/en\/wp-json\/wp\/v2\/posts\/1278\/revisions"}],"predecessor-version":[{"id":1351,"href":"https:\/\/puredesign.fi\/en\/wp-json\/wp\/v2\/posts\/1278\/revisions\/1351"}],"wp:featuredmedia":[{"embeddable":true,"href":"https:\/\/puredesign.fi\/en\/wp-json\/wp\/v2\/media\/1279"}],"wp:attachment":[{"href":"https:\/\/puredesign.fi\/en\/wp-json\/wp\/v2\/media?parent=1278"}],"wp:term":[{"taxonomy":"category","embeddable":true,"href":"https:\/\/puredesign.fi\/en\/wp-json\/wp\/v2\/categories?post=1278"},{"taxonomy":"post_tag","embeddable":true,"href":"https:\/\/puredesign.fi\/en\/wp-json\/wp\/v2\/tags?post=1278"}],"curies":[{"name":"wp","href":"https:\/\/api.w.org\/{rel}","templated":true}]}}