{"id":1293,"date":"2016-09-07T11:28:00","date_gmt":"2016-09-07T08:28:00","guid":{"rendered":"http:\/\/31.217.196.224\/~ebseoxbm\/?p=1293"},"modified":"2021-08-30T11:20:34","modified_gmt":"2021-08-30T08:20:34","slug":"luxbagin-uusi-laajennettu-liike-avattu-esplanadille","status":"publish","type":"post","link":"https:\/\/puredesign.fi\/en\/luxbag-new-botique-opened-in-pohjoisesplanadi\/","title":{"rendered":"The new Luxbag Helsinki boutique has opened in Pohjoisesplanadi"},"content":{"rendered":"<figure class=\"wp-block-image size-full\"><img fetchpriority=\"high\" decoding=\"async\" width=\"500\" height=\"375\" src=\"https:\/\/puredesign.fi\/wp-content\/uploads\/2021\/07\/161017Luxbag.jpg\" alt=\"\" class=\"wp-image-1294\" title=\"\" srcset=\"https:\/\/puredesign.fi\/wp-content\/uploads\/2021\/07\/161017Luxbag.jpg 500w, https:\/\/puredesign.fi\/wp-content\/uploads\/2021\/07\/161017Luxbag-16x12.jpg 16w\" sizes=\"(max-width: 500px) 100vw, 500px\" \/><\/figure>\n\n\n\n<p>The new Luxbag Helsinki boutique has opened in Pohjoisesplanadi. The size of the new store is double the size of the old one. The new Luxbag boutique has been designed by Esa Vesmanen together with Pure Design-team. In addition to the existing elements new lighting solutions have been brought to complement the interior. The interior of the store is elegant and simple giving space and attention for the colorful and changing fashion items.&nbsp;<a href=\"https:\/\/www.celine.com\/en\" target=\"_blank\" rel=\"noreferrer noopener\">C\u00e9line<\/a>,&nbsp;<a href=\"http:\/\/www.balenciaga.com\/fi\" target=\"_blank\" rel=\"noreferrer noopener\">Balenciaga<\/a>,&nbsp;<a href=\"https:\/\/www.givenchy.com\/en\/homepage\/womens-spring-summer-2017-show\" target=\"_blank\" rel=\"noreferrer noopener\">Givenchy<\/a>,&nbsp;<a href=\"http:\/\/www.lanvin.com\/#\/en\/women\/spring-summer-2017-collections\" target=\"_blank\" rel=\"noreferrer noopener\">Lanvin<\/a>,&nbsp;<a href=\"http:\/\/www.fendi.com\/fi\/\" target=\"_blank\" rel=\"noreferrer noopener\">Fendi<\/a>,&nbsp;<a href=\"https:\/\/www.loewe.com\/\" target=\"_blank\" rel=\"noreferrer noopener\">Loewe,&nbsp;<\/a><a href=\"https:\/\/www.chloe.com\/fi\" target=\"_blank\" rel=\"noreferrer noopener\">Chlo\u00e9<\/a>,&nbsp;<a href=\"http:\/\/www.ysl.com\/fi\" target=\"_blank\" rel=\"noreferrer noopener\">Saint Laurent<\/a>,<a href=\"https:\/\/www.malo.it\/\" target=\"_blank\" rel=\"noreferrer noopener\">Malo<\/a>&nbsp;ja&nbsp;<a href=\"http:\/\/www.valextra.com\/\" target=\"_blank\" rel=\"noreferrer noopener\">Valextra<\/a>.<\/p>\n\n\n\n<p><a href=\"https:\/\/www.luxbag.fi\/\" target=\"_blank\" rel=\"noreferrer noopener\">http:\/\/www.luxbag.fi<\/a><\/p>\n\n\n\n<p>Read more&nbsp;<a href=\"https:\/\/puredesign.fi\/en\/luxbag-helsinki\/\">here!<\/a><\/p>","protected":false},"excerpt":{"rendered":"<p>Luxbagin uusi liike on avattu Pohjois-Esplanadille. Pinta-alaltaan liike on laajentunut kaksinkertaiseksi. Liike on Esa Vesmasen suunnittelema yhdess\u00e4 Pure Design- tiimin kanssa. Sisustukseen on tuotu olemassa olevien elementtien lis\u00e4ksi uudistettuja valaistusratkaisuja. Sisustus on tyylilt\u00e4\u00e4n yksinkertainen antaen tilaa vaihtuvalle ja v\u00e4rikk\u00e4\u00e4lle huippumuodille. Luxbagin valikoimaan kuuluu laukkuja ja asusteita muodin huippunimilt\u00e4 kuten&nbsp;C\u00e9line,&nbsp;Balenciaga,&nbsp;Givenchy,&nbsp;Lanvin,&nbsp;Fendi,&nbsp;Loewe,&nbsp;Chlo\u00e9,&nbsp;Saint Laurent,Malo&nbsp;ja&nbsp;Valextra. http:\/\/www.luxbag.fi Lue lis\u00e4\u00e4&nbsp;t\u00e4\u00e4lt\u00e4!<\/p>","protected":false},"author":2,"featured_media":1294,"comment_status":"closed","ping_status":"closed","sticky":false,"template":"","format":"standard","meta":{"_kad_post_transparent":"","_kad_post_title":"","_kad_post_layout":"","_kad_post_sidebar_id":"","_kad_post_content_style":"","_kad_post_vertical_padding":"","_kad_post_feature":"","_kad_post_feature_position":"","_kad_post_header":false,"_kad_post_footer":false,"_kad_post_classname":"","footnotes":""},"categories":[1],"tags":[],"class_list":["post-1293","post","type-post","status-publish","format-standard","has-post-thumbnail","hentry","category-uutta"],"yoast_head":"<!-- This site is optimized with the Yoast SEO plugin v27.4 - https:\/\/yoast.com\/product\/yoast-seo-wordpress\/ -->\n<title>Luxbagin uusi laajennettu liike avattu Esplanadille - Puredesign<\/title>\n<meta name=\"robots\" content=\"index, follow, max-snippet:-1, max-image-preview:large, max-video-preview:-1\" \/>\n<link rel=\"canonical\" href=\"https:\/\/puredesign.fi\/en\/luxbagin-uusi-laajennettu-liike-avattu-esplanadille\/\" \/>\n<meta property=\"og:locale\" content=\"en_US\" \/>\n<meta property=\"og:type\" content=\"article\" \/>\n<meta property=\"og:title\" content=\"Luxbagin uusi laajennettu liike avattu Esplanadille - Puredesign\" \/>\n<meta property=\"og:description\" content=\"Luxbagin uusi liike on avattu Pohjois-Esplanadille. Pinta-alaltaan liike on laajentunut kaksinkertaiseksi. Liike on Esa Vesmasen suunnittelema yhdess\u00e4 Pure Design- tiimin kanssa. Sisustukseen on tuotu olemassa olevien elementtien lis\u00e4ksi uudistettuja valaistusratkaisuja. Sisustus on tyylilt\u00e4\u00e4n yksinkertainen antaen tilaa vaihtuvalle ja v\u00e4rikk\u00e4\u00e4lle huippumuodille. Luxbagin valikoimaan kuuluu laukkuja ja asusteita muodin huippunimilt\u00e4 kuten&nbsp;C\u00e9line,&nbsp;Balenciaga,&nbsp;Givenchy,&nbsp;Lanvin,&nbsp;Fendi,&nbsp;Loewe,&nbsp;Chlo\u00e9,&nbsp;Saint Laurent,Malo&nbsp;ja&nbsp;Valextra. http:\/\/www.luxbag.fi Lue lis\u00e4\u00e4&nbsp;t\u00e4\u00e4lt\u00e4!\" \/>\n<meta property=\"og:url\" content=\"https:\/\/puredesign.fi\/en\/luxbagin-uusi-laajennettu-liike-avattu-esplanadille\/\" \/>\n<meta property=\"og:site_name\" content=\"Puredesign\" \/>\n<meta property=\"article:published_time\" content=\"2016-09-07T08:28:00+00:00\" \/>\n<meta property=\"article:modified_time\" content=\"2021-08-30T08:20:34+00:00\" \/>\n<meta property=\"og:image\" content=\"https:\/\/puredesign.fi\/wp-content\/uploads\/2021\/07\/161017Luxbag.jpg\" \/>\n\t<meta property=\"og:image:width\" content=\"500\" \/>\n\t<meta property=\"og:image:height\" content=\"375\" \/>\n\t<meta property=\"og:image:type\" content=\"image\/jpeg\" \/>\n<meta name=\"author\" content=\"Esa Vesmanen\" \/>\n<meta name=\"twitter:card\" content=\"summary_large_image\" \/>\n<meta name=\"twitter:label1\" content=\"Written by\" \/>\n\t<meta name=\"twitter:data1\" content=\"Esa Vesmanen\" \/>\n\t<meta name=\"twitter:label2\" content=\"Est. reading time\" \/>\n\t<meta name=\"twitter:data2\" content=\"1 minute\" \/>\n<script type=\"application\/ld+json\" class=\"yoast-schema-graph\">{\"@context\":\"https:\\\/\\\/schema.org\",\"@graph\":[{\"@type\":\"Article\",\"@id\":\"https:\\\/\\\/puredesign.fi\\\/luxbagin-uusi-laajennettu-liike-avattu-esplanadille\\\/#article\",\"isPartOf\":{\"@id\":\"https:\\\/\\\/puredesign.fi\\\/luxbagin-uusi-laajennettu-liike-avattu-esplanadille\\\/\"},\"author\":{\"name\":\"Esa Vesmanen\",\"@id\":\"https:\\\/\\\/puredesign.fi\\\/#\\\/schema\\\/person\\\/a7df124e8116b78996bcc63462b1a47d\"},\"headline\":\"Luxbagin uusi laajennettu liike avattu Esplanadille\",\"datePublished\":\"2016-09-07T08:28:00+00:00\",\"dateModified\":\"2021-08-30T08:20:34+00:00\",\"mainEntityOfPage\":{\"@id\":\"https:\\\/\\\/puredesign.fi\\\/luxbagin-uusi-laajennettu-liike-avattu-esplanadille\\\/\"},\"wordCount\":91,\"publisher\":{\"@id\":\"https:\\\/\\\/puredesign.fi\\\/#organization\"},\"image\":{\"@id\":\"https:\\\/\\\/puredesign.fi\\\/luxbagin-uusi-laajennettu-liike-avattu-esplanadille\\\/#primaryimage\"},\"thumbnailUrl\":\"https:\\\/\\\/puredesign.fi\\\/wp-content\\\/uploads\\\/2021\\\/07\\\/161017Luxbag.jpg\",\"articleSection\":[\"Uutta\"],\"inLanguage\":\"en-US\"},{\"@type\":\"WebPage\",\"@id\":\"https:\\\/\\\/puredesign.fi\\\/luxbagin-uusi-laajennettu-liike-avattu-esplanadille\\\/\",\"url\":\"https:\\\/\\\/puredesign.fi\\\/luxbagin-uusi-laajennettu-liike-avattu-esplanadille\\\/\",\"name\":\"Luxbagin uusi laajennettu liike avattu Esplanadille - Puredesign\",\"isPartOf\":{\"@id\":\"https:\\\/\\\/puredesign.fi\\\/#website\"},\"primaryImageOfPage\":{\"@id\":\"https:\\\/\\\/puredesign.fi\\\/luxbagin-uusi-laajennettu-liike-avattu-esplanadille\\\/#primaryimage\"},\"image\":{\"@id\":\"https:\\\/\\\/puredesign.fi\\\/luxbagin-uusi-laajennettu-liike-avattu-esplanadille\\\/#primaryimage\"},\"thumbnailUrl\":\"https:\\\/\\\/puredesign.fi\\\/wp-content\\\/uploads\\\/2021\\\/07\\\/161017Luxbag.jpg\",\"datePublished\":\"2016-09-07T08:28:00+00:00\",\"dateModified\":\"2021-08-30T08:20:34+00:00\",\"breadcrumb\":{\"@id\":\"https:\\\/\\\/puredesign.fi\\\/luxbagin-uusi-laajennettu-liike-avattu-esplanadille\\\/#breadcrumb\"},\"inLanguage\":\"en-US\",\"potentialAction\":[{\"@type\":\"ReadAction\",\"target\":[\"https:\\\/\\\/puredesign.fi\\\/luxbagin-uusi-laajennettu-liike-avattu-esplanadille\\\/\"]}]},{\"@type\":\"ImageObject\",\"inLanguage\":\"en-US\",\"@id\":\"https:\\\/\\\/puredesign.fi\\\/luxbagin-uusi-laajennettu-liike-avattu-esplanadille\\\/#primaryimage\",\"url\":\"https:\\\/\\\/puredesign.fi\\\/wp-content\\\/uploads\\\/2021\\\/07\\\/161017Luxbag.jpg\",\"contentUrl\":\"https:\\\/\\\/puredesign.fi\\\/wp-content\\\/uploads\\\/2021\\\/07\\\/161017Luxbag.jpg\",\"width\":500,\"height\":375,\"caption\":\"Luxbagin uusi laajennettu liike avattu Esplanadille\"},{\"@type\":\"BreadcrumbList\",\"@id\":\"https:\\\/\\\/puredesign.fi\\\/luxbagin-uusi-laajennettu-liike-avattu-esplanadille\\\/#breadcrumb\",\"itemListElement\":[{\"@type\":\"ListItem\",\"position\":1,\"name\":\"Etusivu\",\"item\":\"https:\\\/\\\/puredesign.fi\\\/\"},{\"@type\":\"ListItem\",\"position\":2,\"name\":\"Luxbagin uusi laajennettu liike avattu Esplanadille\"}]},{\"@type\":\"WebSite\",\"@id\":\"https:\\\/\\\/puredesign.fi\\\/#website\",\"url\":\"https:\\\/\\\/puredesign.fi\\\/\",\"name\":\"Puredesign\",\"description\":\"\",\"publisher\":{\"@id\":\"https:\\\/\\\/puredesign.fi\\\/#organization\"},\"potentialAction\":[{\"@type\":\"SearchAction\",\"target\":{\"@type\":\"EntryPoint\",\"urlTemplate\":\"https:\\\/\\\/puredesign.fi\\\/?s={search_term_string}\"},\"query-input\":{\"@type\":\"PropertyValueSpecification\",\"valueRequired\":true,\"valueName\":\"search_term_string\"}}],\"inLanguage\":\"en-US\"},{\"@type\":\"Organization\",\"@id\":\"https:\\\/\\\/puredesign.fi\\\/#organization\",\"name\":\"Pure Design\",\"url\":\"https:\\\/\\\/puredesign.fi\\\/\",\"logo\":{\"@type\":\"ImageObject\",\"inLanguage\":\"en-US\",\"@id\":\"https:\\\/\\\/puredesign.fi\\\/#\\\/schema\\\/logo\\\/image\\\/\",\"url\":\"https:\\\/\\\/puredesign.fi\\\/wp-content\\\/uploads\\\/2021\\\/05\\\/pure_design_logo.png\",\"contentUrl\":\"https:\\\/\\\/puredesign.fi\\\/wp-content\\\/uploads\\\/2021\\\/05\\\/pure_design_logo.png\",\"width\":151,\"height\":38,\"caption\":\"Pure Design\"},\"image\":{\"@id\":\"https:\\\/\\\/puredesign.fi\\\/#\\\/schema\\\/logo\\\/image\\\/\"}},{\"@type\":\"Person\",\"@id\":\"https:\\\/\\\/puredesign.fi\\\/#\\\/schema\\\/person\\\/a7df124e8116b78996bcc63462b1a47d\",\"name\":\"Esa Vesmanen\",\"url\":\"https:\\\/\\\/puredesign.fi\\\/en\\\/author\\\/esa\\\/\"}]}<\/script>\n<!-- \/ Yoast SEO plugin. -->","yoast_head_json":{"title":"The new Luxbag Helsinki boutique has opened in Pohjoisesplanadi","robots":{"index":"index","follow":"follow","max-snippet":"max-snippet:-1","max-image-preview":"max-image-preview:large","max-video-preview":"max-video-preview:-1"},"canonical":"https:\/\/puredesign.fi\/en\/luxbagin-uusi-laajennettu-liike-avattu-esplanadille\/","og_locale":"en_US","og_type":"article","og_title":"Luxbagin uusi laajennettu liike avattu Esplanadille - Puredesign","og_description":"Luxbagin uusi liike on avattu Pohjois-Esplanadille. Pinta-alaltaan liike on laajentunut kaksinkertaiseksi. Liike on Esa Vesmasen suunnittelema yhdess\u00e4 Pure Design- tiimin kanssa. Sisustukseen on tuotu olemassa olevien elementtien lis\u00e4ksi uudistettuja valaistusratkaisuja. Sisustus on tyylilt\u00e4\u00e4n yksinkertainen antaen tilaa vaihtuvalle ja v\u00e4rikk\u00e4\u00e4lle huippumuodille. Luxbagin valikoimaan kuuluu laukkuja ja asusteita muodin huippunimilt\u00e4 kuten&nbsp;C\u00e9line,&nbsp;Balenciaga,&nbsp;Givenchy,&nbsp;Lanvin,&nbsp;Fendi,&nbsp;Loewe,&nbsp;Chlo\u00e9,&nbsp;Saint Laurent,Malo&nbsp;ja&nbsp;Valextra. http:\/\/www.luxbag.fi Lue lis\u00e4\u00e4&nbsp;t\u00e4\u00e4lt\u00e4!","og_url":"https:\/\/puredesign.fi\/en\/luxbagin-uusi-laajennettu-liike-avattu-esplanadille\/","og_site_name":"Puredesign","article_published_time":"2016-09-07T08:28:00+00:00","article_modified_time":"2021-08-30T08:20:34+00:00","og_image":[{"width":500,"height":375,"url":"https:\/\/puredesign.fi\/wp-content\/uploads\/2021\/07\/161017Luxbag.jpg","type":"image\/jpeg"}],"author":"Esa Vesmanen","twitter_card":"summary_large_image","twitter_misc":{"Written by":"Esa Vesmanen","Est. reading time":"1 minute"},"schema":{"@context":"https:\/\/schema.org","@graph":[{"@type":"Article","@id":"https:\/\/puredesign.fi\/luxbagin-uusi-laajennettu-liike-avattu-esplanadille\/#article","isPartOf":{"@id":"https:\/\/puredesign.fi\/luxbagin-uusi-laajennettu-liike-avattu-esplanadille\/"},"author":{"name":"Esa Vesmanen","@id":"https:\/\/puredesign.fi\/#\/schema\/person\/a7df124e8116b78996bcc63462b1a47d"},"headline":"Luxbagin uusi laajennettu liike avattu Esplanadille","datePublished":"2016-09-07T08:28:00+00:00","dateModified":"2021-08-30T08:20:34+00:00","mainEntityOfPage":{"@id":"https:\/\/puredesign.fi\/luxbagin-uusi-laajennettu-liike-avattu-esplanadille\/"},"wordCount":91,"publisher":{"@id":"https:\/\/puredesign.fi\/#organization"},"image":{"@id":"https:\/\/puredesign.fi\/luxbagin-uusi-laajennettu-liike-avattu-esplanadille\/#primaryimage"},"thumbnailUrl":"https:\/\/puredesign.fi\/wp-content\/uploads\/2021\/07\/161017Luxbag.jpg","articleSection":["Uutta"],"inLanguage":"en-US"},{"@type":"WebPage","@id":"https:\/\/puredesign.fi\/luxbagin-uusi-laajennettu-liike-avattu-esplanadille\/","url":"https:\/\/puredesign.fi\/luxbagin-uusi-laajennettu-liike-avattu-esplanadille\/","name":"The new Luxbag Helsinki boutique has opened in Pohjoisesplanadi","isPartOf":{"@id":"https:\/\/puredesign.fi\/#website"},"primaryImageOfPage":{"@id":"https:\/\/puredesign.fi\/luxbagin-uusi-laajennettu-liike-avattu-esplanadille\/#primaryimage"},"image":{"@id":"https:\/\/puredesign.fi\/luxbagin-uusi-laajennettu-liike-avattu-esplanadille\/#primaryimage"},"thumbnailUrl":"https:\/\/puredesign.fi\/wp-content\/uploads\/2021\/07\/161017Luxbag.jpg","datePublished":"2016-09-07T08:28:00+00:00","dateModified":"2021-08-30T08:20:34+00:00","breadcrumb":{"@id":"https:\/\/puredesign.fi\/luxbagin-uusi-laajennettu-liike-avattu-esplanadille\/#breadcrumb"},"inLanguage":"en-US","potentialAction":[{"@type":"ReadAction","target":["https:\/\/puredesign.fi\/luxbagin-uusi-laajennettu-liike-avattu-esplanadille\/"]}]},{"@type":"ImageObject","inLanguage":"en-US","@id":"https:\/\/puredesign.fi\/luxbagin-uusi-laajennettu-liike-avattu-esplanadille\/#primaryimage","url":"https:\/\/puredesign.fi\/wp-content\/uploads\/2021\/07\/161017Luxbag.jpg","contentUrl":"https:\/\/puredesign.fi\/wp-content\/uploads\/2021\/07\/161017Luxbag.jpg","width":500,"height":375,"caption":"Luxbagin uusi laajennettu liike avattu Esplanadille"},{"@type":"BreadcrumbList","@id":"https:\/\/puredesign.fi\/luxbagin-uusi-laajennettu-liike-avattu-esplanadille\/#breadcrumb","itemListElement":[{"@type":"ListItem","position":1,"name":"Etusivu","item":"https:\/\/puredesign.fi\/"},{"@type":"ListItem","position":2,"name":"Luxbagin uusi laajennettu liike avattu Esplanadille"}]},{"@type":"WebSite","@id":"https:\/\/puredesign.fi\/#website","url":"https:\/\/puredesign.fi\/","name":"Puredesign","description":"","publisher":{"@id":"https:\/\/puredesign.fi\/#organization"},"potentialAction":[{"@type":"SearchAction","target":{"@type":"EntryPoint","urlTemplate":"https:\/\/puredesign.fi\/?s={search_term_string}"},"query-input":{"@type":"PropertyValueSpecification","valueRequired":true,"valueName":"search_term_string"}}],"inLanguage":"en-US"},{"@type":"Organization","@id":"https:\/\/puredesign.fi\/#organization","name":"Pure Design","url":"https:\/\/puredesign.fi\/","logo":{"@type":"ImageObject","inLanguage":"en-US","@id":"https:\/\/puredesign.fi\/#\/schema\/logo\/image\/","url":"https:\/\/puredesign.fi\/wp-content\/uploads\/2021\/05\/pure_design_logo.png","contentUrl":"https:\/\/puredesign.fi\/wp-content\/uploads\/2021\/05\/pure_design_logo.png","width":151,"height":38,"caption":"Pure Design"},"image":{"@id":"https:\/\/puredesign.fi\/#\/schema\/logo\/image\/"}},{"@type":"Person","@id":"https:\/\/puredesign.fi\/#\/schema\/person\/a7df124e8116b78996bcc63462b1a47d","name":"Esa Vesmanen","url":"https:\/\/puredesign.fi\/en\/author\/esa\/"}]}},"_links":{"self":[{"href":"https:\/\/puredesign.fi\/en\/wp-json\/wp\/v2\/posts\/1293","targetHints":{"allow":["GET"]}}],"collection":[{"href":"https:\/\/puredesign.fi\/en\/wp-json\/wp\/v2\/posts"}],"about":[{"href":"https:\/\/puredesign.fi\/en\/wp-json\/wp\/v2\/types\/post"}],"author":[{"embeddable":true,"href":"https:\/\/puredesign.fi\/en\/wp-json\/wp\/v2\/users\/2"}],"replies":[{"embeddable":true,"href":"https:\/\/puredesign.fi\/en\/wp-json\/wp\/v2\/comments?post=1293"}],"version-history":[{"count":2,"href":"https:\/\/puredesign.fi\/en\/wp-json\/wp\/v2\/posts\/1293\/revisions"}],"predecessor-version":[{"id":1349,"href":"https:\/\/puredesign.fi\/en\/wp-json\/wp\/v2\/posts\/1293\/revisions\/1349"}],"wp:featuredmedia":[{"embeddable":true,"href":"https:\/\/puredesign.fi\/en\/wp-json\/wp\/v2\/media\/1294"}],"wp:attachment":[{"href":"https:\/\/puredesign.fi\/en\/wp-json\/wp\/v2\/media?parent=1293"}],"wp:term":[{"taxonomy":"category","embeddable":true,"href":"https:\/\/puredesign.fi\/en\/wp-json\/wp\/v2\/categories?post=1293"},{"taxonomy":"post_tag","embeddable":true,"href":"https:\/\/puredesign.fi\/en\/wp-json\/wp\/v2\/tags?post=1293"}],"curies":[{"name":"wp","href":"https:\/\/api.w.org\/{rel}","templated":true}]}}