{"id":876,"date":"2012-02-13T16:31:00","date_gmt":"2012-02-13T14:31:00","guid":{"rendered":"http:\/\/31.217.196.224\/~ebseoxbm\/?p=876"},"modified":"2021-09-29T15:03:28","modified_gmt":"2021-09-29T12:03:28","slug":"chambre-du-temps","status":"publish","type":"post","link":"https:\/\/puredesign.fi\/en\/chambre-du-temps\/","title":{"rendered":"Chambre du Temps \u2013 Sound installation and furniture design"},"content":{"rendered":"<p>Designed by Esa Vesmanen in collaboration with French composer, Claire Renard, Chambre du Temps (Time Chamber) was created for the Biennale Musiques en Sc\u00e8ne 2006 in Lyon, France, in co-operation with the Contemporary Art Museum of Lyon.<\/p>\n\n\n<div id=\"gutenslider-0g459g6qp\" class=\"wp-block-eedee-block-gutenslider gs-frontend content-change alignnone arrow-style-1 arrow-position-sides arrow-mb-none arrows-lg arrows-md arrows-sm dot-style-1 dots-lg dots-md dots-sm dot-position-bottom is-position-center-center mb-none wrap-auto-height\" data-parallax-direction=\"down\" data-parallax-amount=\"1.3\" data-lg-transition=\"lg-slide\" data-hash=\"\" ><div class=\"eedee-swiper-outer\" style=\"--gutenslider-min-height: 70vh;--gutenslider-arrow-size: 30px;--gutenslider-dot-size: 25px;--gutenslider-arrow-color: #ffffff;--gutenslider-dot-color: #ffffff;--gutenslider-padding-y-mobile: 40px;--gutenslider-padding-x-mobile: 40px;--gutenslider-padding-y-tablet: 40px;--gutenslider-padding-x-tablet: 40px;--gutenslider-padding-y-desktop: 40px;--gutenslider-padding-x-desktop: 40px;--gutenslider-bg-image: url();--gutenslider-min-height-md: 50vh;--gutenslider-min-height-sm: 50vh;--gutenslider-padding-x: 40px;--gutenslider-padding-x-md: 40px;--gutenslider-padding-x-sm: 20px;--gutenslider-padding-y: 40px;--gutenslider-padding-y-md: 40px;--gutenslider-padding-y-sm: 20px;--gutenslider-arrow-size-md: 30px;--gutenslider-arrow-size-sm: 30px;--gutenslider-dot-size-md: 25px;--gutenslider-dot-size-sm: 25px;--gutenslider-arrow-bg-color: transparent;--gutenslider-arrow-hover-color: #eeeeee;--gutenslider-arrow-bg-hover-color: transparent;--gutenslider-arrow-x-offset: 10px;--gutenslider-arrow-x-offset-md: 10px;--gutenslider-arrow-x-offset-sm: 10px;--gutenslider-arrow-y-offset: 0px;--gutenslider-arrow-y-offset-md: 0px;--gutenslider-arrow-y-offset-sm: 0px;--gutenslider-arrow-x-spacing: 0px;--gutenslider-dot-y-offset: 10px;--gutenslider-dot-y-offset-md: 10px;--gutenslider-dot-y-offset-sm: 10px;--gutenslider-margin-x: 0px;--gutenslider-margin-x-md: 0px;--gutenslider-margin-x-sm: 0px;--gutenslider-margin-y: 0px;--gutenslider-margin-y-md: 0px;--gutenslider-margin-y-sm: 0px;--gutenslider-divider-top: 60px;--gutenslider-divider-bottom: 60px;--gutenslider-lightgallery-bg: #ffffff;--gutenslider-lightgallery-font: #000000;--gs-first-pos: 50% 50%;--gs-gap-vertical: var( --wp--style--gallery-gap-default, var( --gallery-block--gutter-size, var( --wp--style--block-gap, 0.5em ) ) );--gs-gap-horizontal: var( --wp--style--gallery-gap-default, var( --gallery-block--gutter-size, var( --wp--style--block-gap, 0.5em ) ) );\"><div class=\"gutenslider-divider-top\" style=\"color:#fff;\"><\/div><div class=\"swiper\" data-settings='{\"autoplay\":{\"delay\":3000,\"pauseOnMouseEnter\":true,\"disableOnInteraction\":false},\"speed\":700,\"direction\":\"horizontal\",\"autoHeight\":\"\",\"loop\":true,\"centeredSlides\":true,\"spaceBetween\":0,\"slidesPerView\":1,\"slidesPerGroup\":1,\"effect\":\"slide\",\"coverflowEffect\":{\"rotate\":30,\"slideShadows\":false,\"depth\":100,\"stretch\":50,\"modifier\":1},\"fadeEffect\":{\"crossFade\":true},\"zoom\":\"\",\"navigation\":{\"nextEl\":\"#gutenslider-0g459g6qp .eedee-gutenslider-next\",\"prevEl\":\"#gutenslider-0g459g6qp .eedee-gutenslider-prev\"},\"pagination\":{\"type\":\"bullets\",\"clickable\":true,\"dynamicBullets\":false,\"el\":\"#gutenslider-0g459g6qp .eedee-gutenslider-pagination\"},\"pauseOnHover\":\"1\",\"watchSlidesProgress\":true,\"watchSlidesVisibility\":true,\"settingsMd\":{\"autoHeight\":\"\",\"slidesPerView\":1,\"slidesPerGroup\":1,\"spaceBetween\":0,\"loop\":true},\"settingsLg\":{\"autoHeight\":\"\",\"slidesPerView\":1,\"slidesPerGroup\":1,\"spaceBetween\":0,\"loop\":true},\"hasLg\":false,\"hasLgCounter\":true,\"isFullScreen\":false,\"arrowsFollowMouse\":false,\"lgTitle\":\"none\",\"lgCaption\":\"none\",\"lgThumbnails\":true,\"lgZoomEnabled\":false,\"keyboard\":{\"keyboard\":{\"enabled\":true,\"onlyInViewport\":true}},\"hashNavigation\":false,\"dividers\":false}'><div class=\"swiper-wrapper\">\n<div class=\"swiper-slide wp-block-eedee-block-gutenslide is-position-center-center ed-bg-image\" style=\"--ed-vw:550;--ed-vh:360;\" data-hash=\"\"><div class=\"eedee-background-div bg-image\"><img fetchpriority=\"high\" width=\"1200\" height=\"786\" class=\"wp-image-544\" src=\"https:\/\/puredesign.fi\/wp-content\/uploads\/2021\/05\/VesmanenRenardPIMCPureDesignPhotoVesmanen005lowres2-1200x786.jpg\" alt=\"Vesmanen_Renard_Puredesign\" decoding=\"async\" style=\"object-fit: cover; object-position: 50% 50%;\"  data-caption=\"Vesmanen_Renard_Puredesign\" data-title=\"Vesmanen_Renard_Puredesign\" data-description=\"Vesmanen_Renard_Puredesign\" srcset=\"https:\/\/puredesign.fi\/wp-content\/uploads\/2021\/05\/VesmanenRenardPIMCPureDesignPhotoVesmanen005lowres2-1200x786.jpg 1200w, https:\/\/puredesign.fi\/wp-content\/uploads\/2021\/05\/VesmanenRenardPIMCPureDesignPhotoVesmanen005lowres2-550x360.jpg 550w, https:\/\/puredesign.fi\/wp-content\/uploads\/2021\/05\/VesmanenRenardPIMCPureDesignPhotoVesmanen005lowres2-768x503.jpg 768w, https:\/\/puredesign.fi\/wp-content\/uploads\/2021\/05\/VesmanenRenardPIMCPureDesignPhotoVesmanen005lowres2.jpg 1420w\" sizes=\"(max-width: 1200px) 100vw, 1200px\" \/><div class=\"eedee-background-div__overlay\" style=\"opacity:1;\"><\/div><\/div><div class=\"slide-content\">\n\n<p class=\"has-text-align-center gutenslider-content-initial has-larger-font-size\"><\/p>\n\n<\/div><\/div>\n\n<div class=\"swiper-slide wp-block-eedee-block-gutenslide is-position-center-center ed-bg-image\" style=\"--ed-vw:550;--ed-vh:360;\" data-hash=\"\"><div class=\"eedee-background-div bg-image\"><img width=\"1200\" height=\"786\" class=\"wp-image-541\" src=\"https:\/\/puredesign.fi\/wp-content\/uploads\/2021\/05\/VesmanenRenardPIMCPureDesignPhotoVesmanen002lowres2-1200x786.jpg\" alt=\"\" decoding=\"async\" style=\"object-fit: cover; object-position: 50% 50%;\"  data-title=\"VesmanenRenardPIMCPureDesignPhotoVesmanen002lowres2\" srcset=\"https:\/\/puredesign.fi\/wp-content\/uploads\/2021\/05\/VesmanenRenardPIMCPureDesignPhotoVesmanen002lowres2-1200x786.jpg 1200w, https:\/\/puredesign.fi\/wp-content\/uploads\/2021\/05\/VesmanenRenardPIMCPureDesignPhotoVesmanen002lowres2-550x360.jpg 550w, https:\/\/puredesign.fi\/wp-content\/uploads\/2021\/05\/VesmanenRenardPIMCPureDesignPhotoVesmanen002lowres2-768x503.jpg 768w, https:\/\/puredesign.fi\/wp-content\/uploads\/2021\/05\/VesmanenRenardPIMCPureDesignPhotoVesmanen002lowres2.jpg 1420w\" sizes=\"(max-width: 1200px) 100vw, 1200px\" \/><div class=\"eedee-background-div__overlay\" style=\"opacity:1;\"><\/div><\/div><div class=\"slide-content\">\n\n<p class=\"has-text-align-center gutenslider-content-initial has-larger-font-size\"><\/p>\n\n<\/div><\/div>\n\n<div class=\"swiper-slide wp-block-eedee-block-gutenslide is-position-center-center ed-bg-image\" style=\"--ed-vw:550;--ed-vh:360;\" data-hash=\"\"><div class=\"eedee-background-div bg-image\"><img width=\"1200\" height=\"786\" class=\"wp-image-542\" src=\"https:\/\/puredesign.fi\/wp-content\/uploads\/2021\/05\/VesmanenRenardPIMCPureDesignPhotoVesmanen003lowres2-1200x786.jpg\" alt=\"\" decoding=\"async\" style=\"object-fit: cover; object-position: 50% 50%;\"  data-title=\"VesmanenRenardPIMCPureDesignPhotoVesmanen003lowres2\" srcset=\"https:\/\/puredesign.fi\/wp-content\/uploads\/2021\/05\/VesmanenRenardPIMCPureDesignPhotoVesmanen003lowres2-1200x786.jpg 1200w, https:\/\/puredesign.fi\/wp-content\/uploads\/2021\/05\/VesmanenRenardPIMCPureDesignPhotoVesmanen003lowres2-550x360.jpg 550w, https:\/\/puredesign.fi\/wp-content\/uploads\/2021\/05\/VesmanenRenardPIMCPureDesignPhotoVesmanen003lowres2-768x503.jpg 768w, https:\/\/puredesign.fi\/wp-content\/uploads\/2021\/05\/VesmanenRenardPIMCPureDesignPhotoVesmanen003lowres2.jpg 1420w\" sizes=\"(max-width: 1200px) 100vw, 1200px\" \/><div class=\"eedee-background-div__overlay\" style=\"opacity:1;\"><\/div><\/div><div class=\"slide-content\">\n\n<p class=\"has-text-align-center gutenslider-content-initial has-larger-font-size\"><\/p>\n\n<\/div><\/div>\n\n<div class=\"swiper-slide wp-block-eedee-block-gutenslide is-position-center-center ed-bg-image\" style=\"--ed-vw:550;--ed-vh:360;\" data-hash=\"\"><div class=\"eedee-background-div bg-image\"><img loading=\"lazy\" width=\"1200\" height=\"786\" class=\"wp-image-543\" src=\"https:\/\/puredesign.fi\/wp-content\/uploads\/2021\/05\/VesmanenRenardPIMCPureDesignPhotoVesmanen004lowres-1-1200x786.jpg\" alt=\"\" decoding=\"async\" style=\"object-fit: cover; object-position: 50% 50%;\"  data-title=\"VesmanenRenardPIMCPureDesignPhotoVesmanen004lowres-1\" srcset=\"https:\/\/puredesign.fi\/wp-content\/uploads\/2021\/05\/VesmanenRenardPIMCPureDesignPhotoVesmanen004lowres-1-1200x786.jpg 1200w, https:\/\/puredesign.fi\/wp-content\/uploads\/2021\/05\/VesmanenRenardPIMCPureDesignPhotoVesmanen004lowres-1-550x360.jpg 550w, https:\/\/puredesign.fi\/wp-content\/uploads\/2021\/05\/VesmanenRenardPIMCPureDesignPhotoVesmanen004lowres-1-768x503.jpg 768w, https:\/\/puredesign.fi\/wp-content\/uploads\/2021\/05\/VesmanenRenardPIMCPureDesignPhotoVesmanen004lowres-1.jpg 1420w\" sizes=\"(max-width: 1200px) 100vw, 1200px\" \/><div class=\"eedee-background-div__overlay\" style=\"opacity:1;\"><\/div><\/div><div class=\"slide-content\">\n\n<p class=\"has-text-align-center gutenslider-content-initial has-larger-font-size\"><\/p>\n\n<\/div><\/div>\n\n<div class=\"swiper-slide wp-block-eedee-block-gutenslide is-position-center-center ed-bg-image\" style=\"--ed-vw:550;--ed-vh:360;\" data-hash=\"\"><div class=\"eedee-background-div bg-image\"><img loading=\"lazy\" width=\"1200\" height=\"786\" class=\"wp-image-545\" src=\"https:\/\/puredesign.fi\/wp-content\/uploads\/2021\/05\/VesmanenRenardPIMCPureDesignPhotoVesmanen006lowres-1-1200x786.jpg\" alt=\"Vesmanen_Renard\" decoding=\"async\" style=\"object-fit: cover; object-position: 50% 50%;\"  data-caption=\"Vesmanen_Renard\" data-title=\"Vesmanen_Renard\" data-description=\"Vesmanen_Renard\" srcset=\"https:\/\/puredesign.fi\/wp-content\/uploads\/2021\/05\/VesmanenRenardPIMCPureDesignPhotoVesmanen006lowres-1-1200x786.jpg 1200w, https:\/\/puredesign.fi\/wp-content\/uploads\/2021\/05\/VesmanenRenardPIMCPureDesignPhotoVesmanen006lowres-1-550x360.jpg 550w, https:\/\/puredesign.fi\/wp-content\/uploads\/2021\/05\/VesmanenRenardPIMCPureDesignPhotoVesmanen006lowres-1-768x503.jpg 768w, https:\/\/puredesign.fi\/wp-content\/uploads\/2021\/05\/VesmanenRenardPIMCPureDesignPhotoVesmanen006lowres-1.jpg 1420w\" sizes=\"(max-width: 1200px) 100vw, 1200px\" \/><div class=\"eedee-background-div__overlay\" style=\"opacity:1;\"><\/div><\/div><div class=\"slide-content\">\n\n<p class=\"has-text-align-center gutenslider-content-initial has-larger-font-size\"><\/p>\n\n<\/div><\/div>\n\n<div class=\"swiper-slide wp-block-eedee-block-gutenslide is-position-center-center ed-bg-image\" style=\"--ed-vw:550;--ed-vh:360;\" data-hash=\"\"><div class=\"eedee-background-div bg-image\"><img loading=\"lazy\" width=\"1200\" height=\"786\" class=\"wp-image-540\" src=\"https:\/\/puredesign.fi\/wp-content\/uploads\/2021\/05\/VesmanenRenardPIMCPureDesignPhotoVesmanen001lowres2-1200x786.jpg\" alt=\"\" decoding=\"async\" style=\"object-fit: cover; object-position: 50% 50%;\"  data-title=\"VesmanenRenardPIMCPureDesignPhotoVesmanen001lowres2\" srcset=\"https:\/\/puredesign.fi\/wp-content\/uploads\/2021\/05\/VesmanenRenardPIMCPureDesignPhotoVesmanen001lowres2-1200x786.jpg 1200w, https:\/\/puredesign.fi\/wp-content\/uploads\/2021\/05\/VesmanenRenardPIMCPureDesignPhotoVesmanen001lowres2-550x360.jpg 550w, https:\/\/puredesign.fi\/wp-content\/uploads\/2021\/05\/VesmanenRenardPIMCPureDesignPhotoVesmanen001lowres2-768x503.jpg 768w, https:\/\/puredesign.fi\/wp-content\/uploads\/2021\/05\/VesmanenRenardPIMCPureDesignPhotoVesmanen001lowres2.jpg 1420w\" sizes=\"(max-width: 1200px) 100vw, 1200px\" \/><div class=\"eedee-background-div__overlay\" style=\"opacity:1;\"><\/div><\/div><div class=\"slide-content\">\n\n<p class=\"has-text-align-center gutenslider-content-initial has-larger-font-size\"><\/p>\n\n<\/div><\/div>\n<\/div><\/div><button class=\"eedee-gutenslider-nav eedee-gutenslider-prev\"><svg xmlns=\"http:\/\/www.w3.org\/2000\/svg\" viewbox=\"0 0 24 24\" width=\"24\" height=\"24\"><circle class=\"bg\" cx=\"13\" cy=\"12\" r=\"11\" \/><path fill=\"none\" d=\"M0 0h24v24H0z\"\/><path class=\"arrow\" d=\"M10.828 12l4.95 4.95-1.414 1.414L8 12l6.364-6.364 1.414 1.414z\"\/><\/svg><\/button><button class=\"eedee-gutenslider-nav eedee-gutenslider-next\"><svg xmlns=\"http:\/\/www.w3.org\/2000\/svg\" viewbox=\"0 0 24 24\" width=\"24\" height=\"24\"><circle class=\"bg\" cx=\"11\" cy=\"12\" r=\"11\" \/><path fill=\"none\" d=\"M0 0h24v24H0z\"\/><path class=\"arrow\" d=\"M13.172 12l-4.95-4.95 1.414-1.414L16 12l-6.364 6.364-1.414-1.414z\"\/><\/svg><\/button><div class=\"eedee-gutenslider-pagination\"><\/div><div class=\"gutenslider-divider-bottom\" style=\"color:#fff;\"><\/div><\/div><\/div>\n\n\n<p>Chambre du Temps was an artistic and musical stopping-off place, an installation for the busy urbanite. Visitors were offered a space in which to slow down and become acutely aware of time, particularly the present moment, with musical chairs, listening gardens and sound pillows.<\/p>\n\n\n\n<p>The work was subsequently exhibited at the Finnish Institute in Paris in 2007 and the L\u00f6nnstr\u00f6m Art Museum in Rauma, Finland, in 2008.<\/p>\n\n\n\n<p>Chambre du Temps was the third collaborative project between Renard and Vesmanen between 1999-2006.<\/p>\n\n\n\n<p><a href=\"http:\/\/www.grame.fr\" target=\"_blank\" rel=\"noreferrer noopener\">www.grame.fr&nbsp;<\/a>&nbsp; &nbsp;<\/p>\n\n\n\n<p><a href=\"http:\/\/clairerenard-pimc.fr\/pimc\/index.php?option=com_content&amp;task=view&amp;id=47&amp;Itemid=103\" target=\"_blank\" rel=\"noreferrer noopener\">Claire Renard &#8211; PIMC<\/a><\/p>\n\n\n\n<p><a href=\"http:\/\/www.institut-finlandais.asso.fr\/programme\/evenements-passes\/item\/143-claire-renard-et-esa-vesmanen-chambre-du-temps\" target=\"_blank\" rel=\"noreferrer noopener\">The Finnish Institute in France<\/a><\/p>","protected":false},"excerpt":{"rendered":"<p>S\u00e4velt\u00e4j\u00e4 Claire Renardin ja Esa Vesmasen yhteisty\u00f6n\u00e4 syntynyt Chambre du Temps \u2013 Ajanhuone oli musiikillinen pys\u00e4hdyspaikka, kiireisille kaupunkilaisille suunniteltu installaatio. Vierailijalle tarjottiin uusia mahdollisuuksia musiikin kuunteluun musiikkikalusteiden, videoiden ja musiikkikatkelmien avulla. Teos tarjosi n\u00e4yttelyvieraille ajan ja nykyhetken kokemista varten suunnitellun tilan musiikkidivaaneineen, kuuntelupuutarhoineen ja \u00e4\u00e4nityynyineen. Chambre du Temps on luotu ja esitetty ensimm\u00e4ist\u00e4 kertaa Lyonin&#8230;<\/p>","protected":false},"author":2,"featured_media":544,"comment_status":"closed","ping_status":"closed","sticky":false,"template":"","format":"standard","meta":{"_kad_post_transparent":"","_kad_post_title":"","_kad_post_layout":"","_kad_post_sidebar_id":"","_kad_post_content_style":"","_kad_post_vertical_padding":"","_kad_post_feature":"","_kad_post_feature_position":"","_kad_post_header":false,"_kad_post_footer":false,"_kad_post_classname":"","footnotes":""},"categories":[8,10,11],"tags":[],"class_list":["post-876","post","type-post","status-publish","format-standard","has-post-thumbnail","hentry","category-kaikki","category-nayttelyt","category-tuotteet"],"yoast_head":"<!-- This site is optimized with the Yoast SEO plugin v27.4 - https:\/\/yoast.com\/product\/yoast-seo-wordpress\/ -->\n<title>Chambre du Temps \u2013 \u00c4\u00e4ni-installaatio ja kalustesuunnittelu | N\u00e4yttelysuunnittelu | Pure Design, Esa Vesmanen<\/title>\n<meta name=\"description\" content=\"S\u00e4velt\u00e4j\u00e4 Claire Renardin ja Esa Vesmanen suunnittelivat yhteisty\u00f6ss\u00e4 Chambre du Temps \u2013 Ajanhuoneen, joka oli musiikillinen pys\u00e4hdyspaikka\" \/>\n<meta name=\"robots\" content=\"index, follow, max-snippet:-1, max-image-preview:large, max-video-preview:-1\" \/>\n<link rel=\"canonical\" href=\"https:\/\/puredesign.fi\/en\/chambre-du-temps\/\" \/>\n<meta property=\"og:locale\" content=\"en_US\" \/>\n<meta property=\"og:type\" content=\"article\" \/>\n<meta property=\"og:title\" content=\"Chambre du Temps \u2013 \u00c4\u00e4ni-installaatio ja kalustesuunnittelu | N\u00e4yttelysuunnittelu | Pure Design, Esa Vesmanen\" \/>\n<meta property=\"og:description\" content=\"S\u00e4velt\u00e4j\u00e4 Claire Renardin ja Esa Vesmanen suunnittelivat yhteisty\u00f6ss\u00e4 Chambre du Temps \u2013 Ajanhuoneen, joka oli musiikillinen pys\u00e4hdyspaikka\" \/>\n<meta property=\"og:url\" content=\"https:\/\/puredesign.fi\/en\/chambre-du-temps\/\" \/>\n<meta property=\"og:site_name\" content=\"Puredesign\" \/>\n<meta property=\"article:published_time\" content=\"2012-02-13T14:31:00+00:00\" \/>\n<meta property=\"article:modified_time\" content=\"2021-09-29T12:03:28+00:00\" \/>\n<meta property=\"og:image\" content=\"https:\/\/puredesign.fi\/wp-content\/uploads\/2021\/05\/VesmanenRenardPIMCPureDesignPhotoVesmanen005lowres2.jpg\" \/>\n\t<meta property=\"og:image:width\" content=\"1420\" \/>\n\t<meta property=\"og:image:height\" content=\"930\" \/>\n\t<meta property=\"og:image:type\" content=\"image\/jpeg\" \/>\n<meta name=\"author\" content=\"Esa Vesmanen\" \/>\n<meta name=\"twitter:card\" content=\"summary_large_image\" \/>\n<meta name=\"twitter:label1\" content=\"Written by\" \/>\n\t<meta name=\"twitter:data1\" content=\"Esa Vesmanen\" \/>\n\t<meta name=\"twitter:label2\" content=\"Est. reading time\" \/>\n\t<meta name=\"twitter:data2\" content=\"1 minute\" \/>\n<script type=\"application\/ld+json\" class=\"yoast-schema-graph\">{\"@context\":\"https:\\\/\\\/schema.org\",\"@graph\":[{\"@type\":\"Article\",\"@id\":\"https:\\\/\\\/puredesign.fi\\\/chambre-du-temps\\\/#article\",\"isPartOf\":{\"@id\":\"https:\\\/\\\/puredesign.fi\\\/chambre-du-temps\\\/\"},\"author\":{\"name\":\"Esa Vesmanen\",\"@id\":\"https:\\\/\\\/puredesign.fi\\\/#\\\/schema\\\/person\\\/a7df124e8116b78996bcc63462b1a47d\"},\"headline\":\"Chambre du Temps \u2013 \u00c4\u00e4ni-installaatio ja kalustesuunnittelu\",\"datePublished\":\"2012-02-13T14:31:00+00:00\",\"dateModified\":\"2021-09-29T12:03:28+00:00\",\"mainEntityOfPage\":{\"@id\":\"https:\\\/\\\/puredesign.fi\\\/chambre-du-temps\\\/\"},\"wordCount\":121,\"publisher\":{\"@id\":\"https:\\\/\\\/puredesign.fi\\\/#organization\"},\"image\":{\"@id\":\"https:\\\/\\\/puredesign.fi\\\/chambre-du-temps\\\/#primaryimage\"},\"thumbnailUrl\":\"https:\\\/\\\/puredesign.fi\\\/wp-content\\\/uploads\\\/2021\\\/05\\\/VesmanenRenardPIMCPureDesignPhotoVesmanen005lowres2.jpg\",\"articleSection\":[\"Kaikki ty\u00f6t\",\"N\u00e4yttelyt\",\"Tuotteet\"],\"inLanguage\":\"en-US\"},{\"@type\":\"WebPage\",\"@id\":\"https:\\\/\\\/puredesign.fi\\\/chambre-du-temps\\\/\",\"url\":\"https:\\\/\\\/puredesign.fi\\\/chambre-du-temps\\\/\",\"name\":\"Chambre du Temps \u2013 \u00c4\u00e4ni-installaatio ja kalustesuunnittelu | N\u00e4yttelysuunnittelu | Pure Design, Esa Vesmanen\",\"isPartOf\":{\"@id\":\"https:\\\/\\\/puredesign.fi\\\/#website\"},\"primaryImageOfPage\":{\"@id\":\"https:\\\/\\\/puredesign.fi\\\/chambre-du-temps\\\/#primaryimage\"},\"image\":{\"@id\":\"https:\\\/\\\/puredesign.fi\\\/chambre-du-temps\\\/#primaryimage\"},\"thumbnailUrl\":\"https:\\\/\\\/puredesign.fi\\\/wp-content\\\/uploads\\\/2021\\\/05\\\/VesmanenRenardPIMCPureDesignPhotoVesmanen005lowres2.jpg\",\"datePublished\":\"2012-02-13T14:31:00+00:00\",\"dateModified\":\"2021-09-29T12:03:28+00:00\",\"description\":\"S\u00e4velt\u00e4j\u00e4 Claire Renardin ja Esa Vesmanen suunnittelivat yhteisty\u00f6ss\u00e4 Chambre du Temps \u2013 Ajanhuoneen, joka oli musiikillinen pys\u00e4hdyspaikka\",\"breadcrumb\":{\"@id\":\"https:\\\/\\\/puredesign.fi\\\/chambre-du-temps\\\/#breadcrumb\"},\"inLanguage\":\"en-US\",\"potentialAction\":[{\"@type\":\"ReadAction\",\"target\":[\"https:\\\/\\\/puredesign.fi\\\/chambre-du-temps\\\/\"]}]},{\"@type\":\"ImageObject\",\"inLanguage\":\"en-US\",\"@id\":\"https:\\\/\\\/puredesign.fi\\\/chambre-du-temps\\\/#primaryimage\",\"url\":\"https:\\\/\\\/puredesign.fi\\\/wp-content\\\/uploads\\\/2021\\\/05\\\/VesmanenRenardPIMCPureDesignPhotoVesmanen005lowres2.jpg\",\"contentUrl\":\"https:\\\/\\\/puredesign.fi\\\/wp-content\\\/uploads\\\/2021\\\/05\\\/VesmanenRenardPIMCPureDesignPhotoVesmanen005lowres2.jpg\",\"width\":1420,\"height\":930,\"caption\":\"Vesmanen_Renard_Puredesign\"},{\"@type\":\"BreadcrumbList\",\"@id\":\"https:\\\/\\\/puredesign.fi\\\/chambre-du-temps\\\/#breadcrumb\",\"itemListElement\":[{\"@type\":\"ListItem\",\"position\":1,\"name\":\"Etusivu\",\"item\":\"https:\\\/\\\/puredesign.fi\\\/\"},{\"@type\":\"ListItem\",\"position\":2,\"name\":\"Chambre du Temps \u2013 \u00c4\u00e4ni-installaatio ja kalustesuunnittelu\"}]},{\"@type\":\"WebSite\",\"@id\":\"https:\\\/\\\/puredesign.fi\\\/#website\",\"url\":\"https:\\\/\\\/puredesign.fi\\\/\",\"name\":\"Puredesign\",\"description\":\"\",\"publisher\":{\"@id\":\"https:\\\/\\\/puredesign.fi\\\/#organization\"},\"potentialAction\":[{\"@type\":\"SearchAction\",\"target\":{\"@type\":\"EntryPoint\",\"urlTemplate\":\"https:\\\/\\\/puredesign.fi\\\/?s={search_term_string}\"},\"query-input\":{\"@type\":\"PropertyValueSpecification\",\"valueRequired\":true,\"valueName\":\"search_term_string\"}}],\"inLanguage\":\"en-US\"},{\"@type\":\"Organization\",\"@id\":\"https:\\\/\\\/puredesign.fi\\\/#organization\",\"name\":\"Pure Design\",\"url\":\"https:\\\/\\\/puredesign.fi\\\/\",\"logo\":{\"@type\":\"ImageObject\",\"inLanguage\":\"en-US\",\"@id\":\"https:\\\/\\\/puredesign.fi\\\/#\\\/schema\\\/logo\\\/image\\\/\",\"url\":\"https:\\\/\\\/puredesign.fi\\\/wp-content\\\/uploads\\\/2021\\\/05\\\/pure_design_logo.png\",\"contentUrl\":\"https:\\\/\\\/puredesign.fi\\\/wp-content\\\/uploads\\\/2021\\\/05\\\/pure_design_logo.png\",\"width\":151,\"height\":38,\"caption\":\"Pure Design\"},\"image\":{\"@id\":\"https:\\\/\\\/puredesign.fi\\\/#\\\/schema\\\/logo\\\/image\\\/\"}},{\"@type\":\"Person\",\"@id\":\"https:\\\/\\\/puredesign.fi\\\/#\\\/schema\\\/person\\\/a7df124e8116b78996bcc63462b1a47d\",\"name\":\"Esa Vesmanen\",\"url\":\"https:\\\/\\\/puredesign.fi\\\/en\\\/author\\\/esa\\\/\"}]}<\/script>\n<!-- \/ Yoast SEO plugin. -->","yoast_head_json":{"title":"Chambre du Temps \u2013 \u00c4\u00e4ni-installaatio ja kalustesuunnittelu | N\u00e4yttelysuunnittelu | Pure Design, Esa Vesmanen","description":"Designed by Esa Vesmanen and Claire Renard, Chambre du Temps (Time Chamber) was created for the Biennale Musiques en Sc\u00e8ne 2006 in Lyon.","robots":{"index":"index","follow":"follow","max-snippet":"max-snippet:-1","max-image-preview":"max-image-preview:large","max-video-preview":"max-video-preview:-1"},"canonical":"https:\/\/puredesign.fi\/en\/chambre-du-temps\/","og_locale":"en_US","og_type":"article","og_title":"Chambre du Temps \u2013 \u00c4\u00e4ni-installaatio ja kalustesuunnittelu | N\u00e4yttelysuunnittelu | Pure Design, Esa Vesmanen","og_description":"S\u00e4velt\u00e4j\u00e4 Claire Renardin ja Esa Vesmanen suunnittelivat yhteisty\u00f6ss\u00e4 Chambre du Temps \u2013 Ajanhuoneen, joka oli musiikillinen pys\u00e4hdyspaikka","og_url":"https:\/\/puredesign.fi\/en\/chambre-du-temps\/","og_site_name":"Puredesign","article_published_time":"2012-02-13T14:31:00+00:00","article_modified_time":"2021-09-29T12:03:28+00:00","og_image":[{"width":1420,"height":930,"url":"https:\/\/puredesign.fi\/wp-content\/uploads\/2021\/05\/VesmanenRenardPIMCPureDesignPhotoVesmanen005lowres2.jpg","type":"image\/jpeg"}],"author":"Esa Vesmanen","twitter_card":"summary_large_image","twitter_misc":{"Written by":"Esa Vesmanen","Est. reading time":"1 minute"},"schema":{"@context":"https:\/\/schema.org","@graph":[{"@type":"Article","@id":"https:\/\/puredesign.fi\/chambre-du-temps\/#article","isPartOf":{"@id":"https:\/\/puredesign.fi\/chambre-du-temps\/"},"author":{"name":"Esa Vesmanen","@id":"https:\/\/puredesign.fi\/#\/schema\/person\/a7df124e8116b78996bcc63462b1a47d"},"headline":"Chambre du Temps \u2013 \u00c4\u00e4ni-installaatio ja kalustesuunnittelu","datePublished":"2012-02-13T14:31:00+00:00","dateModified":"2021-09-29T12:03:28+00:00","mainEntityOfPage":{"@id":"https:\/\/puredesign.fi\/chambre-du-temps\/"},"wordCount":121,"publisher":{"@id":"https:\/\/puredesign.fi\/#organization"},"image":{"@id":"https:\/\/puredesign.fi\/chambre-du-temps\/#primaryimage"},"thumbnailUrl":"https:\/\/puredesign.fi\/wp-content\/uploads\/2021\/05\/VesmanenRenardPIMCPureDesignPhotoVesmanen005lowres2.jpg","articleSection":["Kaikki ty\u00f6t","N\u00e4yttelyt","Tuotteet"],"inLanguage":"en-US"},{"@type":"WebPage","@id":"https:\/\/puredesign.fi\/chambre-du-temps\/","url":"https:\/\/puredesign.fi\/chambre-du-temps\/","name":"Chambre du Temps \u2013 \u00c4\u00e4ni-installaatio ja kalustesuunnittelu | N\u00e4yttelysuunnittelu | Pure Design, Esa Vesmanen","isPartOf":{"@id":"https:\/\/puredesign.fi\/#website"},"primaryImageOfPage":{"@id":"https:\/\/puredesign.fi\/chambre-du-temps\/#primaryimage"},"image":{"@id":"https:\/\/puredesign.fi\/chambre-du-temps\/#primaryimage"},"thumbnailUrl":"https:\/\/puredesign.fi\/wp-content\/uploads\/2021\/05\/VesmanenRenardPIMCPureDesignPhotoVesmanen005lowres2.jpg","datePublished":"2012-02-13T14:31:00+00:00","dateModified":"2021-09-29T12:03:28+00:00","description":"Designed by Esa Vesmanen and Claire Renard, Chambre du Temps (Time Chamber) was created for the Biennale Musiques en Sc\u00e8ne 2006 in Lyon.","breadcrumb":{"@id":"https:\/\/puredesign.fi\/chambre-du-temps\/#breadcrumb"},"inLanguage":"en-US","potentialAction":[{"@type":"ReadAction","target":["https:\/\/puredesign.fi\/chambre-du-temps\/"]}]},{"@type":"ImageObject","inLanguage":"en-US","@id":"https:\/\/puredesign.fi\/chambre-du-temps\/#primaryimage","url":"https:\/\/puredesign.fi\/wp-content\/uploads\/2021\/05\/VesmanenRenardPIMCPureDesignPhotoVesmanen005lowres2.jpg","contentUrl":"https:\/\/puredesign.fi\/wp-content\/uploads\/2021\/05\/VesmanenRenardPIMCPureDesignPhotoVesmanen005lowres2.jpg","width":1420,"height":930,"caption":"Vesmanen_Renard_Puredesign"},{"@type":"BreadcrumbList","@id":"https:\/\/puredesign.fi\/chambre-du-temps\/#breadcrumb","itemListElement":[{"@type":"ListItem","position":1,"name":"Etusivu","item":"https:\/\/puredesign.fi\/"},{"@type":"ListItem","position":2,"name":"Chambre du Temps \u2013 \u00c4\u00e4ni-installaatio ja kalustesuunnittelu"}]},{"@type":"WebSite","@id":"https:\/\/puredesign.fi\/#website","url":"https:\/\/puredesign.fi\/","name":"Puredesign","description":"","publisher":{"@id":"https:\/\/puredesign.fi\/#organization"},"potentialAction":[{"@type":"SearchAction","target":{"@type":"EntryPoint","urlTemplate":"https:\/\/puredesign.fi\/?s={search_term_string}"},"query-input":{"@type":"PropertyValueSpecification","valueRequired":true,"valueName":"search_term_string"}}],"inLanguage":"en-US"},{"@type":"Organization","@id":"https:\/\/puredesign.fi\/#organization","name":"Pure Design","url":"https:\/\/puredesign.fi\/","logo":{"@type":"ImageObject","inLanguage":"en-US","@id":"https:\/\/puredesign.fi\/#\/schema\/logo\/image\/","url":"https:\/\/puredesign.fi\/wp-content\/uploads\/2021\/05\/pure_design_logo.png","contentUrl":"https:\/\/puredesign.fi\/wp-content\/uploads\/2021\/05\/pure_design_logo.png","width":151,"height":38,"caption":"Pure Design"},"image":{"@id":"https:\/\/puredesign.fi\/#\/schema\/logo\/image\/"}},{"@type":"Person","@id":"https:\/\/puredesign.fi\/#\/schema\/person\/a7df124e8116b78996bcc63462b1a47d","name":"Esa Vesmanen","url":"https:\/\/puredesign.fi\/en\/author\/esa\/"}]}},"_links":{"self":[{"href":"https:\/\/puredesign.fi\/en\/wp-json\/wp\/v2\/posts\/876","targetHints":{"allow":["GET"]}}],"collection":[{"href":"https:\/\/puredesign.fi\/en\/wp-json\/wp\/v2\/posts"}],"about":[{"href":"https:\/\/puredesign.fi\/en\/wp-json\/wp\/v2\/types\/post"}],"author":[{"embeddable":true,"href":"https:\/\/puredesign.fi\/en\/wp-json\/wp\/v2\/users\/2"}],"replies":[{"embeddable":true,"href":"https:\/\/puredesign.fi\/en\/wp-json\/wp\/v2\/comments?post=876"}],"version-history":[{"count":7,"href":"https:\/\/puredesign.fi\/en\/wp-json\/wp\/v2\/posts\/876\/revisions"}],"predecessor-version":[{"id":1539,"href":"https:\/\/puredesign.fi\/en\/wp-json\/wp\/v2\/posts\/876\/revisions\/1539"}],"wp:featuredmedia":[{"embeddable":true,"href":"https:\/\/puredesign.fi\/en\/wp-json\/wp\/v2\/media\/544"}],"wp:attachment":[{"href":"https:\/\/puredesign.fi\/en\/wp-json\/wp\/v2\/media?parent=876"}],"wp:term":[{"taxonomy":"category","embeddable":true,"href":"https:\/\/puredesign.fi\/en\/wp-json\/wp\/v2\/categories?post=876"},{"taxonomy":"post_tag","embeddable":true,"href":"https:\/\/puredesign.fi\/en\/wp-json\/wp\/v2\/tags?post=876"}],"curies":[{"name":"wp","href":"https:\/\/api.w.org\/{rel}","templated":true}]}}