{"id":937,"date":"2011-05-19T13:32:00","date_gmt":"2011-05-19T10:32:00","guid":{"rendered":"http:\/\/31.217.196.224\/~ebseoxbm\/?p=937"},"modified":"2021-09-18T13:49:56","modified_gmt":"2021-09-18T10:49:56","slug":"fazer-nayttelytila","status":"publish","type":"post","link":"https:\/\/puredesign.fi\/en\/fazer\/","title":{"rendered":"Fazer factory \u2013 Exhibition and furniture design"},"content":{"rendered":"<p>The visitor space in Fazer\u2019s confectionery factory in Vantaa, Finland, presents the history and current Fazer Group for the 50,000 yearly visitors. In 2012 Pure Design designed the experiential exhibition space in co-operation with lighting designer Ilkka Paloniemi.<\/p>\n\n\n<div id=\"gutenslider-usv43n7ij\" class=\"wp-block-eedee-block-gutenslider gs-frontend content-change alignnone arrow-style-1 arrow-position-sides arrow-mb-none arrows-lg arrows-md arrows-sm dot-style-1 dots-lg dots-md dots-sm dot-position-bottom is-position-center-center mb-none wrap-auto-height\" data-parallax-direction=\"down\" data-parallax-amount=\"1.3\" data-lg-transition=\"lg-slide\" data-hash=\"\" ><div class=\"eedee-swiper-outer\" style=\"--gutenslider-min-height: 70vh;--gutenslider-arrow-size: 30px;--gutenslider-dot-size: 25px;--gutenslider-arrow-color: #ffffff;--gutenslider-dot-color: #ffffff;--gutenslider-padding-y-mobile: 40px;--gutenslider-padding-x-mobile: 40px;--gutenslider-padding-y-tablet: 40px;--gutenslider-padding-x-tablet: 40px;--gutenslider-padding-y-desktop: 40px;--gutenslider-padding-x-desktop: 40px;--gutenslider-bg-image: url();--gutenslider-min-height-md: 50vh;--gutenslider-min-height-sm: 50vh;--gutenslider-padding-x: 40px;--gutenslider-padding-x-md: 40px;--gutenslider-padding-x-sm: 20px;--gutenslider-padding-y: 40px;--gutenslider-padding-y-md: 40px;--gutenslider-padding-y-sm: 20px;--gutenslider-arrow-size-md: 30px;--gutenslider-arrow-size-sm: 30px;--gutenslider-dot-size-md: 25px;--gutenslider-dot-size-sm: 25px;--gutenslider-arrow-bg-color: transparent;--gutenslider-arrow-hover-color: #eeeeee;--gutenslider-arrow-bg-hover-color: transparent;--gutenslider-arrow-x-offset: 10px;--gutenslider-arrow-x-offset-md: 10px;--gutenslider-arrow-x-offset-sm: 10px;--gutenslider-arrow-y-offset: 0px;--gutenslider-arrow-y-offset-md: 0px;--gutenslider-arrow-y-offset-sm: 0px;--gutenslider-arrow-x-spacing: 0px;--gutenslider-dot-y-offset: 10px;--gutenslider-dot-y-offset-md: 10px;--gutenslider-dot-y-offset-sm: 10px;--gutenslider-margin-x: 0px;--gutenslider-margin-x-md: 0px;--gutenslider-margin-x-sm: 0px;--gutenslider-margin-y: 0px;--gutenslider-margin-y-md: 0px;--gutenslider-margin-y-sm: 0px;--gutenslider-divider-top: 60px;--gutenslider-divider-bottom: 60px;--gutenslider-lightgallery-bg: #ffffff;--gutenslider-lightgallery-font: #000000;--gs-first-pos: 50% 50%;--gs-gap-vertical: var( --wp--style--gallery-gap-default, var( --gallery-block--gutter-size, var( --wp--style--block-gap, 0.5em ) ) );--gs-gap-horizontal: var( --wp--style--gallery-gap-default, var( --gallery-block--gutter-size, var( --wp--style--block-gap, 0.5em ) ) );\"><div class=\"gutenslider-divider-top\" style=\"color:#fff;\"><\/div><div class=\"swiper\" data-settings='{\"autoplay\":{\"delay\":3000,\"pauseOnMouseEnter\":true,\"disableOnInteraction\":false},\"speed\":700,\"direction\":\"horizontal\",\"autoHeight\":\"\",\"loop\":true,\"centeredSlides\":true,\"spaceBetween\":0,\"slidesPerView\":1,\"slidesPerGroup\":1,\"effect\":\"slide\",\"coverflowEffect\":{\"rotate\":30,\"slideShadows\":false,\"depth\":100,\"stretch\":50,\"modifier\":1},\"fadeEffect\":{\"crossFade\":true},\"zoom\":\"\",\"navigation\":{\"nextEl\":\"#gutenslider-usv43n7ij .eedee-gutenslider-next\",\"prevEl\":\"#gutenslider-usv43n7ij .eedee-gutenslider-prev\"},\"pagination\":{\"type\":\"bullets\",\"clickable\":true,\"dynamicBullets\":false,\"el\":\"#gutenslider-usv43n7ij .eedee-gutenslider-pagination\"},\"pauseOnHover\":\"1\",\"watchSlidesProgress\":true,\"watchSlidesVisibility\":true,\"settingsMd\":{\"autoHeight\":\"\",\"slidesPerView\":1,\"slidesPerGroup\":1,\"spaceBetween\":0,\"loop\":true},\"settingsLg\":{\"autoHeight\":\"\",\"slidesPerView\":1,\"slidesPerGroup\":1,\"spaceBetween\":0,\"loop\":true},\"hasLg\":false,\"hasLgCounter\":true,\"isFullScreen\":false,\"arrowsFollowMouse\":false,\"lgTitle\":\"none\",\"lgCaption\":\"none\",\"lgThumbnails\":true,\"lgZoomEnabled\":false,\"keyboard\":{\"keyboard\":{\"enabled\":true,\"onlyInViewport\":true}},\"hashNavigation\":false,\"dividers\":false}'><div class=\"swiper-wrapper\">\n<div class=\"swiper-slide wp-block-eedee-block-gutenslide is-position-center-center ed-bg-image\" style=\"--ed-vw:550;--ed-vh:360;\" data-hash=\"\"><div class=\"eedee-background-div bg-image\"><img fetchpriority=\"high\" width=\"1200\" height=\"786\" class=\"wp-image-490\" src=\"https:\/\/puredesign.fi\/wp-content\/uploads\/2021\/05\/fazer4-1-1200x786.jpg\" alt=\"Fazer tilasuunnittelu Pure Design\" decoding=\"async\" style=\"object-fit: cover; object-position: 50% 50%;\"  data-title=\"fazer4-1\" srcset=\"https:\/\/puredesign.fi\/wp-content\/uploads\/2021\/05\/fazer4-1-1200x786.jpg 1200w, https:\/\/puredesign.fi\/wp-content\/uploads\/2021\/05\/fazer4-1-550x360.jpg 550w, https:\/\/puredesign.fi\/wp-content\/uploads\/2021\/05\/fazer4-1-768x503.jpg 768w, https:\/\/puredesign.fi\/wp-content\/uploads\/2021\/05\/fazer4-1.jpg 1420w\" sizes=\"(max-width: 1200px) 100vw, 1200px\" \/><div class=\"eedee-background-div__overlay\" style=\"opacity:1;\"><\/div><\/div><div class=\"slide-content\">\n\n<p class=\"has-text-align-center gutenslider-content-initial has-larger-font-size\"><\/p>\n\n<\/div><\/div>\n\n<div class=\"swiper-slide wp-block-eedee-block-gutenslide is-position-center-center ed-bg-image\" style=\"--ed-vw:550;--ed-vh:360;\" data-hash=\"\"><div class=\"eedee-background-div bg-image\"><img width=\"1200\" height=\"786\" class=\"wp-image-491\" src=\"https:\/\/puredesign.fi\/wp-content\/uploads\/2021\/05\/fazer5-1-1200x786.jpg\" alt=\"Fazer tilasuunnittelu\" decoding=\"async\" style=\"object-fit: cover; object-position: 50% 50%;\"  data-title=\"Fazer tilasuunnittelu\" srcset=\"https:\/\/puredesign.fi\/wp-content\/uploads\/2021\/05\/fazer5-1-1200x786.jpg 1200w, https:\/\/puredesign.fi\/wp-content\/uploads\/2021\/05\/fazer5-1-550x360.jpg 550w, https:\/\/puredesign.fi\/wp-content\/uploads\/2021\/05\/fazer5-1-768x503.jpg 768w, https:\/\/puredesign.fi\/wp-content\/uploads\/2021\/05\/fazer5-1.jpg 1420w\" sizes=\"(max-width: 1200px) 100vw, 1200px\" \/><div class=\"eedee-background-div__overlay\" style=\"opacity:1;\"><\/div><\/div><div class=\"slide-content\">\n\n<p class=\"has-text-align-center gutenslider-content-initial has-larger-font-size\"><\/p>\n\n<\/div><\/div>\n\n<div class=\"swiper-slide wp-block-eedee-block-gutenslide is-position-center-center ed-bg-image\" style=\"--ed-vw:550;--ed-vh:360;\" data-hash=\"\"><div class=\"eedee-background-div bg-image\"><img width=\"1200\" height=\"786\" class=\"wp-image-489\" src=\"https:\/\/puredesign.fi\/wp-content\/uploads\/2021\/05\/fazer3-1-1200x786.jpg\" alt=\"Fazer tilasuunnittelu Pure Design Esa Vesmanen\" decoding=\"async\" style=\"object-fit: cover; object-position: 50% 50%;\"  data-title=\"Fazer tilasuunnittelu Pure Design Esa Vesmanen\" srcset=\"https:\/\/puredesign.fi\/wp-content\/uploads\/2021\/05\/fazer3-1-1200x786.jpg 1200w, https:\/\/puredesign.fi\/wp-content\/uploads\/2021\/05\/fazer3-1-550x360.jpg 550w, https:\/\/puredesign.fi\/wp-content\/uploads\/2021\/05\/fazer3-1-768x503.jpg 768w, https:\/\/puredesign.fi\/wp-content\/uploads\/2021\/05\/fazer3-1.jpg 1420w\" sizes=\"(max-width: 1200px) 100vw, 1200px\" \/><div class=\"eedee-background-div__overlay\" style=\"opacity:1;\"><\/div><\/div><div class=\"slide-content\">\n\n<p class=\"has-text-align-center gutenslider-content-initial has-larger-font-size\"><\/p>\n\n<\/div><\/div>\n\n<div class=\"swiper-slide wp-block-eedee-block-gutenslide is-position-center-center ed-bg-image\" style=\"--ed-vw:550;--ed-vh:360;\" data-hash=\"\"><div class=\"eedee-background-div bg-image\"><img loading=\"lazy\" width=\"1200\" height=\"786\" class=\"wp-image-487\" src=\"https:\/\/puredesign.fi\/wp-content\/uploads\/2021\/05\/fazer1-1-1200x786.jpg\" alt=\"Fazer Geisha Fazerina\" decoding=\"async\" style=\"object-fit: cover; object-position: 50% 50%;\"  data-title=\"Fazer Geisha Fazerina\" srcset=\"https:\/\/puredesign.fi\/wp-content\/uploads\/2021\/05\/fazer1-1-1200x786.jpg 1200w, https:\/\/puredesign.fi\/wp-content\/uploads\/2021\/05\/fazer1-1-550x360.jpg 550w, https:\/\/puredesign.fi\/wp-content\/uploads\/2021\/05\/fazer1-1-768x503.jpg 768w, https:\/\/puredesign.fi\/wp-content\/uploads\/2021\/05\/fazer1-1.jpg 1420w\" sizes=\"(max-width: 1200px) 100vw, 1200px\" \/><div class=\"eedee-background-div__overlay\" style=\"opacity:1;\"><\/div><\/div><div class=\"slide-content\">\n\n<p class=\"has-text-align-center gutenslider-content-initial has-larger-font-size\"><\/p>\n\n<\/div><\/div>\n<\/div><\/div><button class=\"eedee-gutenslider-nav eedee-gutenslider-prev\"><svg xmlns=\"http:\/\/www.w3.org\/2000\/svg\" viewbox=\"0 0 24 24\" width=\"24\" height=\"24\"><circle class=\"bg\" cx=\"13\" cy=\"12\" r=\"11\" \/><path fill=\"none\" d=\"M0 0h24v24H0z\"\/><path class=\"arrow\" d=\"M10.828 12l4.95 4.95-1.414 1.414L8 12l6.364-6.364 1.414 1.414z\"\/><\/svg><\/button><button class=\"eedee-gutenslider-nav eedee-gutenslider-next\"><svg xmlns=\"http:\/\/www.w3.org\/2000\/svg\" viewbox=\"0 0 24 24\" width=\"24\" height=\"24\"><circle class=\"bg\" cx=\"11\" cy=\"12\" r=\"11\" \/><path fill=\"none\" d=\"M0 0h24v24H0z\"\/><path class=\"arrow\" d=\"M13.172 12l-4.95-4.95 1.414-1.414L16 12l-6.364 6.364-1.414-1.414z\"\/><\/svg><\/button><div class=\"eedee-gutenslider-pagination\"><\/div><div class=\"gutenslider-divider-bottom\" style=\"color:#fff;\"><\/div><\/div><\/div>\n\n\n<p>The highlight of the visitor space is a blue light, history of the old methods used in confectionery manufacturing, jungle of the cocoa and a candy land for kids.<\/p>","protected":false},"excerpt":{"rendered":"<p>Fazerin Vantaalla sijaitsevan makeistehtaan uudistuneella vierailuk\u00e4yt\u00e4v\u00e4ll\u00e4 voi tutustua Fazer-konsernin historiaan sek\u00e4 nykyp\u00e4iv\u00e4\u00e4n. Pure Design suunnitteli el\u00e4myksellisen n\u00e4yttelytilan yhdess\u00e4 valosuunnittelija Ilkka Paloniemen kanssa. Vierailuk\u00e4yt\u00e4v\u00e4ll\u00e4 kulkeva sininen valo johdattaa vierailijaa l\u00e4pi Fazerin historian, tutustuttaa Fazerin makeisten valmistusmenetelmiin ja suklaan valmistukseen sek\u00e4 vie vierailijan kaakaomets\u00e4n kautta kohti k\u00e4yt\u00e4v\u00e4n p\u00e4\u00e4ss\u00e4 olevaa makeisten maistelupistett\u00e4. Makeistehtaalla k\u00e4y vuosittain noin 50 000&#8230;<\/p>","protected":false},"author":2,"featured_media":490,"comment_status":"closed","ping_status":"closed","sticky":false,"template":"","format":"standard","meta":{"_kad_post_transparent":"","_kad_post_title":"","_kad_post_layout":"","_kad_post_sidebar_id":"","_kad_post_content_style":"","_kad_post_vertical_padding":"","_kad_post_feature":"","_kad_post_feature_position":"","_kad_post_header":false,"_kad_post_footer":false,"_kad_post_classname":"","footnotes":""},"categories":[8,9],"tags":[],"class_list":["post-937","post","type-post","status-publish","format-standard","has-post-thumbnail","hentry","category-kaikki","category-tilasuunnittelut"],"yoast_head":"<!-- This site is optimized with the Yoast SEO plugin v27.4 - https:\/\/yoast.com\/product\/yoast-seo-wordpress\/ -->\n<title>Fazer n\u00e4yttelytila \u2013 Tila- ja kalustesuunnittelu | Tilasuunnittelu | Pure Design | Esa Vesmanen<\/title>\n<meta name=\"description\" content=\"Pure Design suunnitteli Fazerin makeistehtaan vierailuk\u00e4yt\u00e4v\u00e4ll\u00e4 olevan n\u00e4yttelytilan yhdess\u00e4 valosuunnittelija Ilkka Paloniemen kanssa.\" \/>\n<meta name=\"robots\" content=\"index, follow, max-snippet:-1, max-image-preview:large, max-video-preview:-1\" \/>\n<link rel=\"canonical\" href=\"https:\/\/puredesign.fi\/en\/fazer-nayttelytila\/\" \/>\n<meta property=\"og:locale\" content=\"en_US\" \/>\n<meta property=\"og:type\" content=\"article\" \/>\n<meta property=\"og:title\" content=\"Fazer n\u00e4yttelytila \u2013 Tila- ja kalustesuunnittelu | Tilasuunnittelu | Pure Design | Esa Vesmanen\" \/>\n<meta property=\"og:description\" content=\"Pure Design suunnitteli Fazerin makeistehtaan vierailuk\u00e4yt\u00e4v\u00e4ll\u00e4 olevan n\u00e4yttelytilan yhdess\u00e4 valosuunnittelija Ilkka Paloniemen kanssa.\" \/>\n<meta property=\"og:url\" content=\"https:\/\/puredesign.fi\/en\/fazer-nayttelytila\/\" \/>\n<meta property=\"og:site_name\" content=\"Puredesign\" \/>\n<meta property=\"article:published_time\" content=\"2011-05-19T10:32:00+00:00\" \/>\n<meta property=\"article:modified_time\" content=\"2021-09-18T10:49:56+00:00\" \/>\n<meta property=\"og:image\" content=\"https:\/\/puredesign.fi\/wp-content\/uploads\/2021\/05\/fazer4-1.jpg\" \/>\n\t<meta property=\"og:image:width\" content=\"1420\" \/>\n\t<meta property=\"og:image:height\" content=\"930\" \/>\n\t<meta property=\"og:image:type\" content=\"image\/jpeg\" \/>\n<meta name=\"author\" content=\"Esa Vesmanen\" \/>\n<meta name=\"twitter:card\" content=\"summary_large_image\" \/>\n<meta name=\"twitter:label1\" content=\"Written by\" \/>\n\t<meta name=\"twitter:data1\" content=\"Esa Vesmanen\" \/>\n\t<meta name=\"twitter:label2\" content=\"Est. reading time\" \/>\n\t<meta name=\"twitter:data2\" content=\"1 minute\" \/>\n<script type=\"application\/ld+json\" class=\"yoast-schema-graph\">{\"@context\":\"https:\\\/\\\/schema.org\",\"@graph\":[{\"@type\":\"Article\",\"@id\":\"https:\\\/\\\/puredesign.fi\\\/fazer-nayttelytila\\\/#article\",\"isPartOf\":{\"@id\":\"https:\\\/\\\/puredesign.fi\\\/fazer-nayttelytila\\\/\"},\"author\":{\"name\":\"Esa Vesmanen\",\"@id\":\"https:\\\/\\\/puredesign.fi\\\/#\\\/schema\\\/person\\\/a7df124e8116b78996bcc63462b1a47d\"},\"headline\":\"Fazer n\u00e4yttelytila \u2013 Tila- ja kalustesuunnittelu\",\"datePublished\":\"2011-05-19T10:32:00+00:00\",\"dateModified\":\"2021-09-18T10:49:56+00:00\",\"mainEntityOfPage\":{\"@id\":\"https:\\\/\\\/puredesign.fi\\\/fazer-nayttelytila\\\/\"},\"wordCount\":77,\"publisher\":{\"@id\":\"https:\\\/\\\/puredesign.fi\\\/#organization\"},\"image\":{\"@id\":\"https:\\\/\\\/puredesign.fi\\\/fazer-nayttelytila\\\/#primaryimage\"},\"thumbnailUrl\":\"https:\\\/\\\/puredesign.fi\\\/wp-content\\\/uploads\\\/2021\\\/05\\\/fazer4-1.jpg\",\"articleSection\":[\"Kaikki ty\u00f6t\",\"Tilasuunnittelut\"],\"inLanguage\":\"en-US\"},{\"@type\":\"WebPage\",\"@id\":\"https:\\\/\\\/puredesign.fi\\\/fazer-nayttelytila\\\/\",\"url\":\"https:\\\/\\\/puredesign.fi\\\/fazer-nayttelytila\\\/\",\"name\":\"Fazer n\u00e4yttelytila \u2013 Tila- ja kalustesuunnittelu | Tilasuunnittelu | Pure Design | Esa Vesmanen\",\"isPartOf\":{\"@id\":\"https:\\\/\\\/puredesign.fi\\\/#website\"},\"primaryImageOfPage\":{\"@id\":\"https:\\\/\\\/puredesign.fi\\\/fazer-nayttelytila\\\/#primaryimage\"},\"image\":{\"@id\":\"https:\\\/\\\/puredesign.fi\\\/fazer-nayttelytila\\\/#primaryimage\"},\"thumbnailUrl\":\"https:\\\/\\\/puredesign.fi\\\/wp-content\\\/uploads\\\/2021\\\/05\\\/fazer4-1.jpg\",\"datePublished\":\"2011-05-19T10:32:00+00:00\",\"dateModified\":\"2021-09-18T10:49:56+00:00\",\"description\":\"Pure Design suunnitteli Fazerin makeistehtaan vierailuk\u00e4yt\u00e4v\u00e4ll\u00e4 olevan n\u00e4yttelytilan yhdess\u00e4 valosuunnittelija Ilkka Paloniemen kanssa.\",\"breadcrumb\":{\"@id\":\"https:\\\/\\\/puredesign.fi\\\/fazer-nayttelytila\\\/#breadcrumb\"},\"inLanguage\":\"en-US\",\"potentialAction\":[{\"@type\":\"ReadAction\",\"target\":[\"https:\\\/\\\/puredesign.fi\\\/fazer-nayttelytila\\\/\"]}]},{\"@type\":\"ImageObject\",\"inLanguage\":\"en-US\",\"@id\":\"https:\\\/\\\/puredesign.fi\\\/fazer-nayttelytila\\\/#primaryimage\",\"url\":\"https:\\\/\\\/puredesign.fi\\\/wp-content\\\/uploads\\\/2021\\\/05\\\/fazer4-1.jpg\",\"contentUrl\":\"https:\\\/\\\/puredesign.fi\\\/wp-content\\\/uploads\\\/2021\\\/05\\\/fazer4-1.jpg\",\"width\":1420,\"height\":930,\"caption\":\"Fazer tilasuunnittelu Pure Design\"},{\"@type\":\"BreadcrumbList\",\"@id\":\"https:\\\/\\\/puredesign.fi\\\/fazer-nayttelytila\\\/#breadcrumb\",\"itemListElement\":[{\"@type\":\"ListItem\",\"position\":1,\"name\":\"Etusivu\",\"item\":\"https:\\\/\\\/puredesign.fi\\\/\"},{\"@type\":\"ListItem\",\"position\":2,\"name\":\"Fazer n\u00e4yttelytila \u2013 Tila- ja kalustesuunnittelu\"}]},{\"@type\":\"WebSite\",\"@id\":\"https:\\\/\\\/puredesign.fi\\\/#website\",\"url\":\"https:\\\/\\\/puredesign.fi\\\/\",\"name\":\"Puredesign\",\"description\":\"\",\"publisher\":{\"@id\":\"https:\\\/\\\/puredesign.fi\\\/#organization\"},\"potentialAction\":[{\"@type\":\"SearchAction\",\"target\":{\"@type\":\"EntryPoint\",\"urlTemplate\":\"https:\\\/\\\/puredesign.fi\\\/?s={search_term_string}\"},\"query-input\":{\"@type\":\"PropertyValueSpecification\",\"valueRequired\":true,\"valueName\":\"search_term_string\"}}],\"inLanguage\":\"en-US\"},{\"@type\":\"Organization\",\"@id\":\"https:\\\/\\\/puredesign.fi\\\/#organization\",\"name\":\"Pure Design\",\"url\":\"https:\\\/\\\/puredesign.fi\\\/\",\"logo\":{\"@type\":\"ImageObject\",\"inLanguage\":\"en-US\",\"@id\":\"https:\\\/\\\/puredesign.fi\\\/#\\\/schema\\\/logo\\\/image\\\/\",\"url\":\"https:\\\/\\\/puredesign.fi\\\/wp-content\\\/uploads\\\/2021\\\/05\\\/pure_design_logo.png\",\"contentUrl\":\"https:\\\/\\\/puredesign.fi\\\/wp-content\\\/uploads\\\/2021\\\/05\\\/pure_design_logo.png\",\"width\":151,\"height\":38,\"caption\":\"Pure Design\"},\"image\":{\"@id\":\"https:\\\/\\\/puredesign.fi\\\/#\\\/schema\\\/logo\\\/image\\\/\"}},{\"@type\":\"Person\",\"@id\":\"https:\\\/\\\/puredesign.fi\\\/#\\\/schema\\\/person\\\/a7df124e8116b78996bcc63462b1a47d\",\"name\":\"Esa Vesmanen\",\"url\":\"https:\\\/\\\/puredesign.fi\\\/en\\\/author\\\/esa\\\/\"}]}<\/script>\n<!-- \/ Yoast SEO plugin. -->","yoast_head_json":{"title":"Fazer n\u00e4yttelytila \u2013 Tila- ja kalustesuunnittelu | Tilasuunnittelu | Pure Design | Esa Vesmanen","description":"In 2012 Pure Design designed the experiential exhibition space in co-operation with lighting designer Ilkka Paloniemi.","robots":{"index":"index","follow":"follow","max-snippet":"max-snippet:-1","max-image-preview":"max-image-preview:large","max-video-preview":"max-video-preview:-1"},"canonical":"https:\/\/puredesign.fi\/en\/fazer-nayttelytila\/","og_locale":"en_US","og_type":"article","og_title":"Fazer n\u00e4yttelytila \u2013 Tila- ja kalustesuunnittelu | Tilasuunnittelu | Pure Design | Esa Vesmanen","og_description":"Pure Design suunnitteli Fazerin makeistehtaan vierailuk\u00e4yt\u00e4v\u00e4ll\u00e4 olevan n\u00e4yttelytilan yhdess\u00e4 valosuunnittelija Ilkka Paloniemen kanssa.","og_url":"https:\/\/puredesign.fi\/en\/fazer-nayttelytila\/","og_site_name":"Puredesign","article_published_time":"2011-05-19T10:32:00+00:00","article_modified_time":"2021-09-18T10:49:56+00:00","og_image":[{"width":1420,"height":930,"url":"https:\/\/puredesign.fi\/wp-content\/uploads\/2021\/05\/fazer4-1.jpg","type":"image\/jpeg"}],"author":"Esa Vesmanen","twitter_card":"summary_large_image","twitter_misc":{"Written by":"Esa Vesmanen","Est. reading time":"1 minute"},"schema":{"@context":"https:\/\/schema.org","@graph":[{"@type":"Article","@id":"https:\/\/puredesign.fi\/fazer-nayttelytila\/#article","isPartOf":{"@id":"https:\/\/puredesign.fi\/fazer-nayttelytila\/"},"author":{"name":"Esa Vesmanen","@id":"https:\/\/puredesign.fi\/#\/schema\/person\/a7df124e8116b78996bcc63462b1a47d"},"headline":"Fazer n\u00e4yttelytila \u2013 Tila- ja kalustesuunnittelu","datePublished":"2011-05-19T10:32:00+00:00","dateModified":"2021-09-18T10:49:56+00:00","mainEntityOfPage":{"@id":"https:\/\/puredesign.fi\/fazer-nayttelytila\/"},"wordCount":77,"publisher":{"@id":"https:\/\/puredesign.fi\/#organization"},"image":{"@id":"https:\/\/puredesign.fi\/fazer-nayttelytila\/#primaryimage"},"thumbnailUrl":"https:\/\/puredesign.fi\/wp-content\/uploads\/2021\/05\/fazer4-1.jpg","articleSection":["Kaikki ty\u00f6t","Tilasuunnittelut"],"inLanguage":"en-US"},{"@type":"WebPage","@id":"https:\/\/puredesign.fi\/fazer-nayttelytila\/","url":"https:\/\/puredesign.fi\/fazer-nayttelytila\/","name":"Fazer n\u00e4yttelytila \u2013 Tila- ja kalustesuunnittelu | Tilasuunnittelu | Pure Design | Esa Vesmanen","isPartOf":{"@id":"https:\/\/puredesign.fi\/#website"},"primaryImageOfPage":{"@id":"https:\/\/puredesign.fi\/fazer-nayttelytila\/#primaryimage"},"image":{"@id":"https:\/\/puredesign.fi\/fazer-nayttelytila\/#primaryimage"},"thumbnailUrl":"https:\/\/puredesign.fi\/wp-content\/uploads\/2021\/05\/fazer4-1.jpg","datePublished":"2011-05-19T10:32:00+00:00","dateModified":"2021-09-18T10:49:56+00:00","description":"In 2012 Pure Design designed the experiential exhibition space in co-operation with lighting designer Ilkka Paloniemi.","breadcrumb":{"@id":"https:\/\/puredesign.fi\/fazer-nayttelytila\/#breadcrumb"},"inLanguage":"en-US","potentialAction":[{"@type":"ReadAction","target":["https:\/\/puredesign.fi\/fazer-nayttelytila\/"]}]},{"@type":"ImageObject","inLanguage":"en-US","@id":"https:\/\/puredesign.fi\/fazer-nayttelytila\/#primaryimage","url":"https:\/\/puredesign.fi\/wp-content\/uploads\/2021\/05\/fazer4-1.jpg","contentUrl":"https:\/\/puredesign.fi\/wp-content\/uploads\/2021\/05\/fazer4-1.jpg","width":1420,"height":930,"caption":"Fazer tilasuunnittelu Pure Design"},{"@type":"BreadcrumbList","@id":"https:\/\/puredesign.fi\/fazer-nayttelytila\/#breadcrumb","itemListElement":[{"@type":"ListItem","position":1,"name":"Etusivu","item":"https:\/\/puredesign.fi\/"},{"@type":"ListItem","position":2,"name":"Fazer n\u00e4yttelytila \u2013 Tila- ja kalustesuunnittelu"}]},{"@type":"WebSite","@id":"https:\/\/puredesign.fi\/#website","url":"https:\/\/puredesign.fi\/","name":"Puredesign","description":"","publisher":{"@id":"https:\/\/puredesign.fi\/#organization"},"potentialAction":[{"@type":"SearchAction","target":{"@type":"EntryPoint","urlTemplate":"https:\/\/puredesign.fi\/?s={search_term_string}"},"query-input":{"@type":"PropertyValueSpecification","valueRequired":true,"valueName":"search_term_string"}}],"inLanguage":"en-US"},{"@type":"Organization","@id":"https:\/\/puredesign.fi\/#organization","name":"Pure Design","url":"https:\/\/puredesign.fi\/","logo":{"@type":"ImageObject","inLanguage":"en-US","@id":"https:\/\/puredesign.fi\/#\/schema\/logo\/image\/","url":"https:\/\/puredesign.fi\/wp-content\/uploads\/2021\/05\/pure_design_logo.png","contentUrl":"https:\/\/puredesign.fi\/wp-content\/uploads\/2021\/05\/pure_design_logo.png","width":151,"height":38,"caption":"Pure Design"},"image":{"@id":"https:\/\/puredesign.fi\/#\/schema\/logo\/image\/"}},{"@type":"Person","@id":"https:\/\/puredesign.fi\/#\/schema\/person\/a7df124e8116b78996bcc63462b1a47d","name":"Esa Vesmanen","url":"https:\/\/puredesign.fi\/en\/author\/esa\/"}]}},"_links":{"self":[{"href":"https:\/\/puredesign.fi\/en\/wp-json\/wp\/v2\/posts\/937","targetHints":{"allow":["GET"]}}],"collection":[{"href":"https:\/\/puredesign.fi\/en\/wp-json\/wp\/v2\/posts"}],"about":[{"href":"https:\/\/puredesign.fi\/en\/wp-json\/wp\/v2\/types\/post"}],"author":[{"embeddable":true,"href":"https:\/\/puredesign.fi\/en\/wp-json\/wp\/v2\/users\/2"}],"replies":[{"embeddable":true,"href":"https:\/\/puredesign.fi\/en\/wp-json\/wp\/v2\/comments?post=937"}],"version-history":[{"count":4,"href":"https:\/\/puredesign.fi\/en\/wp-json\/wp\/v2\/posts\/937\/revisions"}],"predecessor-version":[{"id":1493,"href":"https:\/\/puredesign.fi\/en\/wp-json\/wp\/v2\/posts\/937\/revisions\/1493"}],"wp:featuredmedia":[{"embeddable":true,"href":"https:\/\/puredesign.fi\/en\/wp-json\/wp\/v2\/media\/490"}],"wp:attachment":[{"href":"https:\/\/puredesign.fi\/en\/wp-json\/wp\/v2\/media?parent=937"}],"wp:term":[{"taxonomy":"category","embeddable":true,"href":"https:\/\/puredesign.fi\/en\/wp-json\/wp\/v2\/categories?post=937"},{"taxonomy":"post_tag","embeddable":true,"href":"https:\/\/puredesign.fi\/en\/wp-json\/wp\/v2\/tags?post=937"}],"curies":[{"name":"wp","href":"https:\/\/api.w.org\/{rel}","templated":true}]}}