{"id":939,"date":"2013-11-11T12:33:00","date_gmt":"2013-11-11T10:33:00","guid":{"rendered":"http:\/\/31.217.196.224\/~ebseoxbm\/?p=939"},"modified":"2024-09-24T18:34:54","modified_gmt":"2024-09-24T15:34:54","slug":"unkarin-kulttuuri-ja-tiedekeskus","status":"publish","type":"post","link":"https:\/\/puredesign.fi\/en\/hungary\/","title":{"rendered":"Hungarian Cultural and Science Centre \u2013 Office and furniture design"},"content":{"rendered":"<p>Combining light, transparency and colours with the bustling street traffic was the starting point in designing the Hungarian Cultural and Science Centre in Helsinki, Finland.<\/p>\n\n\n<div id=\"gutenslider-yozahxwqu\" class=\"wp-block-eedee-block-gutenslider gs-frontend content-change alignnone arrow-style-1 arrow-position-sides arrow-mb-none arrows-lg arrows-md arrows-sm dot-style-1 dots-lg dots-md dots-sm dot-position-bottom is-position-center-center mb-none wrap-auto-height\" data-parallax-direction=\"down\" data-parallax-amount=\"1.3\" data-lg-transition=\"lg-slide\" data-hash=\"\" ><div class=\"eedee-swiper-outer\" style=\"--gutenslider-min-height: 70vh;--gutenslider-arrow-size: 30px;--gutenslider-dot-size: 25px;--gutenslider-arrow-color: #ffffff;--gutenslider-dot-color: #ffffff;--gutenslider-padding-y-mobile: 40px;--gutenslider-padding-x-mobile: 40px;--gutenslider-padding-y-tablet: 40px;--gutenslider-padding-x-tablet: 40px;--gutenslider-padding-y-desktop: 40px;--gutenslider-padding-x-desktop: 40px;--gutenslider-bg-image: url();--gutenslider-min-height-md: 50vh;--gutenslider-min-height-sm: 50vh;--gutenslider-padding-x: 40px;--gutenslider-padding-x-md: 40px;--gutenslider-padding-x-sm: 20px;--gutenslider-padding-y: 40px;--gutenslider-padding-y-md: 40px;--gutenslider-padding-y-sm: 20px;--gutenslider-arrow-size-md: 30px;--gutenslider-arrow-size-sm: 30px;--gutenslider-dot-size-md: 25px;--gutenslider-dot-size-sm: 25px;--gutenslider-arrow-bg-color: transparent;--gutenslider-arrow-hover-color: #eeeeee;--gutenslider-arrow-bg-hover-color: transparent;--gutenslider-arrow-x-offset: 10px;--gutenslider-arrow-x-offset-md: 10px;--gutenslider-arrow-x-offset-sm: 10px;--gutenslider-arrow-y-offset: 0px;--gutenslider-arrow-y-offset-md: 0px;--gutenslider-arrow-y-offset-sm: 0px;--gutenslider-arrow-x-spacing: 0px;--gutenslider-dot-y-offset: 10px;--gutenslider-dot-y-offset-md: 10px;--gutenslider-dot-y-offset-sm: 10px;--gutenslider-margin-x: 0px;--gutenslider-margin-x-md: 0px;--gutenslider-margin-x-sm: 0px;--gutenslider-margin-y: 0px;--gutenslider-margin-y-md: 0px;--gutenslider-margin-y-sm: 0px;--gutenslider-divider-top: 60px;--gutenslider-divider-bottom: 60px;--gutenslider-lightgallery-bg: #ffffff;--gutenslider-lightgallery-font: #000000;--gs-first-pos: 50% 50%;--gs-gap-vertical: var( --wp--style--gallery-gap-default, var( --gallery-block--gutter-size, var( --wp--style--block-gap, 0.5em ) ) );--gs-gap-horizontal: var( --wp--style--gallery-gap-default, var( --gallery-block--gutter-size, var( --wp--style--block-gap, 0.5em ) ) );\"><div class=\"gutenslider-divider-top\" style=\"color:#fff;\"><\/div><div class=\"swiper\" data-settings='{\"autoplay\":{\"delay\":3000,\"pauseOnMouseEnter\":true,\"disableOnInteraction\":false},\"speed\":700,\"direction\":\"horizontal\",\"autoHeight\":\"\",\"loop\":true,\"centeredSlides\":true,\"spaceBetween\":0,\"slidesPerView\":1,\"slidesPerGroup\":1,\"effect\":\"slide\",\"coverflowEffect\":{\"rotate\":30,\"slideShadows\":false,\"depth\":100,\"stretch\":50,\"modifier\":1},\"fadeEffect\":{\"crossFade\":true},\"zoom\":\"\",\"navigation\":{\"nextEl\":\"#gutenslider-yozahxwqu .eedee-gutenslider-next\",\"prevEl\":\"#gutenslider-yozahxwqu .eedee-gutenslider-prev\"},\"pagination\":{\"type\":\"bullets\",\"clickable\":true,\"dynamicBullets\":false,\"el\":\"#gutenslider-yozahxwqu .eedee-gutenslider-pagination\"},\"pauseOnHover\":\"1\",\"watchSlidesProgress\":true,\"watchSlidesVisibility\":true,\"settingsMd\":{\"autoHeight\":\"\",\"slidesPerView\":1,\"slidesPerGroup\":1,\"spaceBetween\":0,\"loop\":true},\"settingsLg\":{\"autoHeight\":\"\",\"slidesPerView\":1,\"slidesPerGroup\":1,\"spaceBetween\":0,\"loop\":true},\"hasLg\":false,\"hasLgCounter\":true,\"isFullScreen\":false,\"arrowsFollowMouse\":false,\"lgTitle\":\"none\",\"lgCaption\":\"none\",\"lgThumbnails\":true,\"lgZoomEnabled\":false,\"keyboard\":{\"keyboard\":{\"enabled\":true,\"onlyInViewport\":true}},\"hashNavigation\":false,\"dividers\":false}'><div class=\"swiper-wrapper\">\n<div class=\"swiper-slide wp-block-eedee-block-gutenslide is-position-center-center ed-bg-image\" style=\"--ed-vw:550;--ed-vh:360;\" data-hash=\"\"><div class=\"eedee-background-div bg-image\"><img fetchpriority=\"high\" width=\"1200\" height=\"786\" class=\"wp-image-277\" src=\"https:\/\/puredesign.fi\/wp-content\/uploads\/2021\/05\/PureDesignUnkarinkulttuurikeskusphotoVesmanenlowres5-1200x786.jpg\" alt=\"\" decoding=\"async\" style=\"object-fit: cover; object-position: 50% 50%;\"  data-title=\"PureDesignUnkarinkulttuurikeskusphotoVesmanenlowres5\" srcset=\"https:\/\/puredesign.fi\/wp-content\/uploads\/2021\/05\/PureDesignUnkarinkulttuurikeskusphotoVesmanenlowres5-1200x786.jpg 1200w, https:\/\/puredesign.fi\/wp-content\/uploads\/2021\/05\/PureDesignUnkarinkulttuurikeskusphotoVesmanenlowres5-550x360.jpg 550w, https:\/\/puredesign.fi\/wp-content\/uploads\/2021\/05\/PureDesignUnkarinkulttuurikeskusphotoVesmanenlowres5-768x503.jpg 768w, https:\/\/puredesign.fi\/wp-content\/uploads\/2021\/05\/PureDesignUnkarinkulttuurikeskusphotoVesmanenlowres5.jpg 1420w\" sizes=\"(max-width: 1200px) 100vw, 1200px\" \/><div class=\"eedee-background-div__overlay\" style=\"opacity:1;\"><\/div><\/div><div class=\"slide-content\">\n\n<p class=\"has-text-align-center gutenslider-content-initial has-larger-font-size\"><\/p>\n\n<\/div><\/div>\n\n<div class=\"swiper-slide wp-block-eedee-block-gutenslide is-position-center-center ed-bg-image\" style=\"--ed-vw:550;--ed-vh:360;\" data-hash=\"\"><div class=\"eedee-background-div bg-image\"><img width=\"1200\" height=\"786\" class=\"wp-image-390\" src=\"https:\/\/puredesign.fi\/wp-content\/uploads\/2021\/05\/PureDesignUnkarinkulttuurikeskusphotoVesmanenlowres-1200x786.jpg\" alt=\"\" decoding=\"async\" style=\"object-fit: cover; object-position: 50% 50%;\"  data-title=\"PureDesignUnkarinkulttuurikeskusphotoVesmanenlowres\" srcset=\"https:\/\/puredesign.fi\/wp-content\/uploads\/2021\/05\/PureDesignUnkarinkulttuurikeskusphotoVesmanenlowres-1200x786.jpg 1200w, https:\/\/puredesign.fi\/wp-content\/uploads\/2021\/05\/PureDesignUnkarinkulttuurikeskusphotoVesmanenlowres-550x360.jpg 550w, https:\/\/puredesign.fi\/wp-content\/uploads\/2021\/05\/PureDesignUnkarinkulttuurikeskusphotoVesmanenlowres-768x503.jpg 768w, https:\/\/puredesign.fi\/wp-content\/uploads\/2021\/05\/PureDesignUnkarinkulttuurikeskusphotoVesmanenlowres.jpg 1420w\" sizes=\"(max-width: 1200px) 100vw, 1200px\" \/><div class=\"eedee-background-div__overlay\" style=\"opacity:1;\"><\/div><\/div><div class=\"slide-content\">\n\n<p class=\"has-text-align-center gutenslider-content-initial has-larger-font-size\"><\/p>\n\n<\/div><\/div>\n\n<div class=\"swiper-slide wp-block-eedee-block-gutenslide is-position-center-center ed-bg-image\" style=\"--ed-vw:550;--ed-vh:360;\" data-hash=\"\"><div class=\"eedee-background-div bg-image\"><img width=\"1200\" height=\"786\" class=\"wp-image-278\" src=\"https:\/\/puredesign.fi\/wp-content\/uploads\/2021\/05\/PureDesignUnkarinkulttuurikeskusphotoVesmanenlowres6-1200x786.jpg\" alt=\"\" decoding=\"async\" style=\"object-fit: cover; object-position: 50% 50%;\"  data-title=\"PureDesignUnkarinkulttuurikeskusphotoVesmanenlowres6\" srcset=\"https:\/\/puredesign.fi\/wp-content\/uploads\/2021\/05\/PureDesignUnkarinkulttuurikeskusphotoVesmanenlowres6-1200x786.jpg 1200w, https:\/\/puredesign.fi\/wp-content\/uploads\/2021\/05\/PureDesignUnkarinkulttuurikeskusphotoVesmanenlowres6-550x360.jpg 550w, https:\/\/puredesign.fi\/wp-content\/uploads\/2021\/05\/PureDesignUnkarinkulttuurikeskusphotoVesmanenlowres6-768x503.jpg 768w, https:\/\/puredesign.fi\/wp-content\/uploads\/2021\/05\/PureDesignUnkarinkulttuurikeskusphotoVesmanenlowres6.jpg 1420w\" sizes=\"(max-width: 1200px) 100vw, 1200px\" \/><div class=\"eedee-background-div__overlay\" style=\"opacity:1;\"><\/div><\/div><div class=\"slide-content\">\n\n<p class=\"has-text-align-center gutenslider-content-initial has-larger-font-size\"><\/p>\n\n<\/div><\/div>\n\n<div class=\"swiper-slide wp-block-eedee-block-gutenslide is-position-center-center ed-bg-image\" style=\"--ed-vw:550;--ed-vh:360;\" data-hash=\"\"><div class=\"eedee-background-div bg-image\"><img loading=\"lazy\" width=\"1200\" height=\"786\" class=\"wp-image-280\" src=\"https:\/\/puredesign.fi\/wp-content\/uploads\/2021\/05\/PureDesignUnkarinkulttuurikeskusphotoVesmanenlowres13-1200x786.gif\" alt=\"\" decoding=\"async\" style=\"object-fit: cover; object-position: 50% 50%;\"  data-title=\"PureDesignUnkarinkulttuurikeskusphotoVesmanenlowres13\" srcset=\"https:\/\/puredesign.fi\/wp-content\/uploads\/2021\/05\/PureDesignUnkarinkulttuurikeskusphotoVesmanenlowres13-1200x786.gif 1200w, https:\/\/puredesign.fi\/wp-content\/uploads\/2021\/05\/PureDesignUnkarinkulttuurikeskusphotoVesmanenlowres13-550x360.gif 550w, https:\/\/puredesign.fi\/wp-content\/uploads\/2021\/05\/PureDesignUnkarinkulttuurikeskusphotoVesmanenlowres13-768x503.gif 768w\" sizes=\"(max-width: 1200px) 100vw, 1200px\" \/><div class=\"eedee-background-div__overlay\" style=\"opacity:1;\"><\/div><\/div><div class=\"slide-content\">\n\n<p class=\"has-text-align-center gutenslider-content-initial has-larger-font-size\"><\/p>\n\n<\/div><\/div>\n\n<div class=\"swiper-slide wp-block-eedee-block-gutenslide is-position-center-center ed-bg-image\" style=\"--ed-vw:550;--ed-vh:360;\" data-hash=\"\"><div class=\"eedee-background-div bg-image\"><img loading=\"lazy\" width=\"1200\" height=\"786\" class=\"wp-image-391\" src=\"https:\/\/puredesign.fi\/wp-content\/uploads\/2021\/05\/PureDesignUnkarinkulttuurikeskusphotoVesmanenlowres4-1200x786.jpg\" alt=\"\" decoding=\"async\" style=\"object-fit: cover; object-position: 50% 50%;\"  data-title=\"PureDesignUnkarinkulttuurikeskusphotoVesmanenlowres4\" srcset=\"https:\/\/puredesign.fi\/wp-content\/uploads\/2021\/05\/PureDesignUnkarinkulttuurikeskusphotoVesmanenlowres4-1200x786.jpg 1200w, https:\/\/puredesign.fi\/wp-content\/uploads\/2021\/05\/PureDesignUnkarinkulttuurikeskusphotoVesmanenlowres4-550x360.jpg 550w, https:\/\/puredesign.fi\/wp-content\/uploads\/2021\/05\/PureDesignUnkarinkulttuurikeskusphotoVesmanenlowres4-768x503.jpg 768w, https:\/\/puredesign.fi\/wp-content\/uploads\/2021\/05\/PureDesignUnkarinkulttuurikeskusphotoVesmanenlowres4.jpg 1420w\" sizes=\"(max-width: 1200px) 100vw, 1200px\" \/><div class=\"eedee-background-div__overlay\" style=\"opacity:1;\"><\/div><\/div><div class=\"slide-content\">\n\n<p class=\"has-text-align-center gutenslider-content-initial has-larger-font-size\"><\/p>\n\n<\/div><\/div>\n\n<div class=\"swiper-slide wp-block-eedee-block-gutenslide is-position-center-center ed-bg-image\" style=\"--ed-vw:550;--ed-vh:360;\" data-hash=\"\"><div class=\"eedee-background-div bg-image\"><img loading=\"lazy\" width=\"1200\" height=\"786\" class=\"wp-image-279\" src=\"https:\/\/puredesign.fi\/wp-content\/uploads\/2021\/05\/PureDesignUnkarinkulttuurikeskusphotoVesmanenlowres7-1200x786.jpg\" alt=\"\" decoding=\"async\" style=\"object-fit: cover; object-position: 50% 50%;\"  data-title=\"PureDesignUnkarinkulttuurikeskusphotoVesmanenlowres7\" srcset=\"https:\/\/puredesign.fi\/wp-content\/uploads\/2021\/05\/PureDesignUnkarinkulttuurikeskusphotoVesmanenlowres7-1200x786.jpg 1200w, https:\/\/puredesign.fi\/wp-content\/uploads\/2021\/05\/PureDesignUnkarinkulttuurikeskusphotoVesmanenlowres7-550x360.jpg 550w, https:\/\/puredesign.fi\/wp-content\/uploads\/2021\/05\/PureDesignUnkarinkulttuurikeskusphotoVesmanenlowres7-768x503.jpg 768w, https:\/\/puredesign.fi\/wp-content\/uploads\/2021\/05\/PureDesignUnkarinkulttuurikeskusphotoVesmanenlowres7.jpg 1420w\" sizes=\"(max-width: 1200px) 100vw, 1200px\" \/><div class=\"eedee-background-div__overlay\" style=\"opacity:1;\"><\/div><\/div><div class=\"slide-content\">\n\n<p class=\"has-text-align-center gutenslider-content-initial has-larger-font-size\"><\/p>\n\n<\/div><\/div>\n<\/div><\/div><button class=\"eedee-gutenslider-nav eedee-gutenslider-prev\"><svg xmlns=\"http:\/\/www.w3.org\/2000\/svg\" viewbox=\"0 0 24 24\" width=\"24\" height=\"24\"><circle class=\"bg\" cx=\"13\" cy=\"12\" r=\"11\" \/><path fill=\"none\" d=\"M0 0h24v24H0z\"\/><path class=\"arrow\" d=\"M10.828 12l4.95 4.95-1.414 1.414L8 12l6.364-6.364 1.414 1.414z\"\/><\/svg><\/button><button class=\"eedee-gutenslider-nav eedee-gutenslider-next\"><svg xmlns=\"http:\/\/www.w3.org\/2000\/svg\" viewbox=\"0 0 24 24\" width=\"24\" height=\"24\"><circle class=\"bg\" cx=\"11\" cy=\"12\" r=\"11\" \/><path fill=\"none\" d=\"M0 0h24v24H0z\"\/><path class=\"arrow\" d=\"M13.172 12l-4.95-4.95 1.414-1.414L16 12l-6.364 6.364-1.414-1.414z\"\/><\/svg><\/button><div class=\"eedee-gutenslider-pagination\"><\/div><div class=\"gutenslider-divider-bottom\" style=\"color:#fff;\"><\/div><\/div><\/div>\n\n\n<p>In the 1950s the space was used as a market hall and caf\u00e9. The project transformed this long-forgotten space into Gallery U, an art gallery that refreshes the space as a welcoming public venue.<\/p>\n\n\n\n<p>The project comprised of interior and furniture design, changes to the fa\u00e7ade, and lighting design. The graphic look of the centre and its application in the building were done in co-operation with artist Hilda Koz\u00e1ri. The fixed furniture, a minimalistic combination of wood and glass, conforms to the angular forms of the space without interfering with the art.<\/p>\n\n\n\n<p>Head designer: Esa Vesmanen; assistant: Sari Lehtonen; architect: SAFA: builder: Kenno; fixed furniture: Rintala Meuble.<\/p>","protected":false},"excerpt":{"rendered":"<p>Valon, l\u00e4pin\u00e4kyvyyden ja v\u00e4rin yhdist\u00e4minen kadun nopeatempoiseen liikenteeseen olivat Unkarin uuden kulttuuri- ja tiedekeskuksen suunnittelun l\u00e4ht\u00f6kohtia. Tilan (Helsingin NMKY, Kaisaniemenkatu 10) alkuper\u00e4inen k\u00e4ytt\u00f6tarkoitus 1950-luvulla oli kauppahalli ja kahvila. T\u00e4m\u00e4 jo unohduksiin painunut kahvila-alue haluttiin muuttaa taidegalleriaksi, Galleria U:ksi, joka nostaisi paikan j\u00e4lleen helposti l\u00e4hestytt\u00e4v\u00e4ksi julkiseksi tilaksi. Keskukseen tehtiin sisustus- ja kalustesuunnittelu, julkisivun muutosty\u00f6 ja valaistussuunnittelu&#8230;.<\/p>","protected":false},"author":2,"featured_media":1745,"comment_status":"closed","ping_status":"closed","sticky":false,"template":"","format":"standard","meta":{"_kad_post_transparent":"","_kad_post_title":"","_kad_post_layout":"","_kad_post_sidebar_id":"","_kad_post_content_style":"","_kad_post_vertical_padding":"","_kad_post_feature":"","_kad_post_feature_position":"","_kad_post_header":false,"_kad_post_footer":false,"_kad_post_classname":"","footnotes":""},"categories":[8,9,11],"tags":[],"class_list":["post-939","post","type-post","status-publish","format-standard","has-post-thumbnail","hentry","category-kaikki","category-tilasuunnittelut","category-tuotteet"],"yoast_head":"<!-- This site is optimized with the Yoast SEO plugin v27.4 - https:\/\/yoast.com\/product\/yoast-seo-wordpress\/ -->\n<title>Unkarin kulttuuri- ja tiedekeskus | Tila- ja sisustussuunnittelu | Pure Design<\/title>\n<meta name=\"description\" content=\"Unkarin kulttuuri- ja tiedekeskuksen sisustussuunnittelun on toteuttanut Pure Designin Esa Vesmanen. Lue lis\u00e4\u00e4.\" \/>\n<meta name=\"robots\" content=\"index, follow, max-snippet:-1, max-image-preview:large, max-video-preview:-1\" \/>\n<link rel=\"canonical\" href=\"https:\/\/puredesign.fi\/en\/unkarin-kulttuuri-ja-tiedekeskus\/\" \/>\n<meta property=\"og:locale\" content=\"en_US\" \/>\n<meta property=\"og:type\" content=\"article\" \/>\n<meta property=\"og:title\" content=\"Unkarin kulttuuri- ja tiedekeskus | Tila- ja sisustussuunnittelu | Pure Design\" \/>\n<meta property=\"og:description\" content=\"Unkarin kulttuuri- ja tiedekeskuksen sisustussuunnittelun on toteuttanut Pure Designin Esa Vesmanen. Lue lis\u00e4\u00e4.\" \/>\n<meta property=\"og:url\" content=\"https:\/\/puredesign.fi\/en\/unkarin-kulttuuri-ja-tiedekeskus\/\" \/>\n<meta property=\"og:site_name\" content=\"Puredesign\" \/>\n<meta property=\"article:published_time\" content=\"2013-11-11T10:33:00+00:00\" \/>\n<meta property=\"article:modified_time\" content=\"2024-09-24T15:34:54+00:00\" \/>\n<meta property=\"og:image\" content=\"https:\/\/puredesign.fi\/wp-content\/uploads\/2013\/11\/Esa_Vesmanen_Hungarian-culture-center-Helsinki-2004_Photo@Heli_Sorjonen_kuva2-scaled.jpg\" \/>\n\t<meta property=\"og:image:width\" content=\"2560\" \/>\n\t<meta property=\"og:image:height\" content=\"2017\" \/>\n\t<meta property=\"og:image:type\" content=\"image\/jpeg\" \/>\n<meta name=\"author\" content=\"Esa Vesmanen\" \/>\n<meta name=\"twitter:card\" content=\"summary_large_image\" \/>\n<meta name=\"twitter:label1\" content=\"Written by\" \/>\n\t<meta name=\"twitter:data1\" content=\"Esa Vesmanen\" \/>\n\t<meta name=\"twitter:label2\" content=\"Est. reading time\" \/>\n\t<meta name=\"twitter:data2\" content=\"1 minute\" \/>\n<script type=\"application\/ld+json\" class=\"yoast-schema-graph\">{\"@context\":\"https:\\\/\\\/schema.org\",\"@graph\":[{\"@type\":\"Article\",\"@id\":\"https:\\\/\\\/puredesign.fi\\\/unkarin-kulttuuri-ja-tiedekeskus\\\/#article\",\"isPartOf\":{\"@id\":\"https:\\\/\\\/puredesign.fi\\\/unkarin-kulttuuri-ja-tiedekeskus\\\/\"},\"author\":{\"name\":\"Esa Vesmanen\",\"@id\":\"https:\\\/\\\/puredesign.fi\\\/#\\\/schema\\\/person\\\/a7df124e8116b78996bcc63462b1a47d\"},\"headline\":\"Unkarin kulttuuri- ja tiedekeskus &#8211; Toimistosuunnittelu ja kalustesuunnittelu\",\"datePublished\":\"2013-11-11T10:33:00+00:00\",\"dateModified\":\"2024-09-24T15:34:54+00:00\",\"mainEntityOfPage\":{\"@id\":\"https:\\\/\\\/puredesign.fi\\\/unkarin-kulttuuri-ja-tiedekeskus\\\/\"},\"wordCount\":131,\"publisher\":{\"@id\":\"https:\\\/\\\/puredesign.fi\\\/#organization\"},\"image\":{\"@id\":\"https:\\\/\\\/puredesign.fi\\\/unkarin-kulttuuri-ja-tiedekeskus\\\/#primaryimage\"},\"thumbnailUrl\":\"https:\\\/\\\/puredesign.fi\\\/wp-content\\\/uploads\\\/2013\\\/11\\\/Esa_Vesmanen_Hungarian-culture-center-Helsinki-2004_Photo@Heli_Sorjonen_kuva2-scaled.jpg\",\"articleSection\":[\"Kaikki ty\u00f6t\",\"Tilasuunnittelut\",\"Tuotteet\"],\"inLanguage\":\"en-US\"},{\"@type\":\"WebPage\",\"@id\":\"https:\\\/\\\/puredesign.fi\\\/unkarin-kulttuuri-ja-tiedekeskus\\\/\",\"url\":\"https:\\\/\\\/puredesign.fi\\\/unkarin-kulttuuri-ja-tiedekeskus\\\/\",\"name\":\"Unkarin kulttuuri- ja tiedekeskus | Tila- ja sisustussuunnittelu | Pure Design\",\"isPartOf\":{\"@id\":\"https:\\\/\\\/puredesign.fi\\\/#website\"},\"primaryImageOfPage\":{\"@id\":\"https:\\\/\\\/puredesign.fi\\\/unkarin-kulttuuri-ja-tiedekeskus\\\/#primaryimage\"},\"image\":{\"@id\":\"https:\\\/\\\/puredesign.fi\\\/unkarin-kulttuuri-ja-tiedekeskus\\\/#primaryimage\"},\"thumbnailUrl\":\"https:\\\/\\\/puredesign.fi\\\/wp-content\\\/uploads\\\/2013\\\/11\\\/Esa_Vesmanen_Hungarian-culture-center-Helsinki-2004_Photo@Heli_Sorjonen_kuva2-scaled.jpg\",\"datePublished\":\"2013-11-11T10:33:00+00:00\",\"dateModified\":\"2024-09-24T15:34:54+00:00\",\"description\":\"Unkarin kulttuuri- ja tiedekeskuksen sisustussuunnittelun on toteuttanut Pure Designin Esa Vesmanen. Lue lis\u00e4\u00e4.\",\"breadcrumb\":{\"@id\":\"https:\\\/\\\/puredesign.fi\\\/unkarin-kulttuuri-ja-tiedekeskus\\\/#breadcrumb\"},\"inLanguage\":\"en-US\",\"potentialAction\":[{\"@type\":\"ReadAction\",\"target\":[\"https:\\\/\\\/puredesign.fi\\\/unkarin-kulttuuri-ja-tiedekeskus\\\/\"]}]},{\"@type\":\"ImageObject\",\"inLanguage\":\"en-US\",\"@id\":\"https:\\\/\\\/puredesign.fi\\\/unkarin-kulttuuri-ja-tiedekeskus\\\/#primaryimage\",\"url\":\"https:\\\/\\\/puredesign.fi\\\/wp-content\\\/uploads\\\/2013\\\/11\\\/Esa_Vesmanen_Hungarian-culture-center-Helsinki-2004_Photo@Heli_Sorjonen_kuva2-scaled.jpg\",\"contentUrl\":\"https:\\\/\\\/puredesign.fi\\\/wp-content\\\/uploads\\\/2013\\\/11\\\/Esa_Vesmanen_Hungarian-culture-center-Helsinki-2004_Photo@Heli_Sorjonen_kuva2-scaled.jpg\",\"width\":2560,\"height\":2017},{\"@type\":\"BreadcrumbList\",\"@id\":\"https:\\\/\\\/puredesign.fi\\\/unkarin-kulttuuri-ja-tiedekeskus\\\/#breadcrumb\",\"itemListElement\":[{\"@type\":\"ListItem\",\"position\":1,\"name\":\"Etusivu\",\"item\":\"https:\\\/\\\/puredesign.fi\\\/\"},{\"@type\":\"ListItem\",\"position\":2,\"name\":\"Unkarin kulttuuri- ja tiedekeskus &#8211; Toimistosuunnittelu ja kalustesuunnittelu\"}]},{\"@type\":\"WebSite\",\"@id\":\"https:\\\/\\\/puredesign.fi\\\/#website\",\"url\":\"https:\\\/\\\/puredesign.fi\\\/\",\"name\":\"Puredesign\",\"description\":\"\",\"publisher\":{\"@id\":\"https:\\\/\\\/puredesign.fi\\\/#organization\"},\"potentialAction\":[{\"@type\":\"SearchAction\",\"target\":{\"@type\":\"EntryPoint\",\"urlTemplate\":\"https:\\\/\\\/puredesign.fi\\\/?s={search_term_string}\"},\"query-input\":{\"@type\":\"PropertyValueSpecification\",\"valueRequired\":true,\"valueName\":\"search_term_string\"}}],\"inLanguage\":\"en-US\"},{\"@type\":\"Organization\",\"@id\":\"https:\\\/\\\/puredesign.fi\\\/#organization\",\"name\":\"Pure Design\",\"url\":\"https:\\\/\\\/puredesign.fi\\\/\",\"logo\":{\"@type\":\"ImageObject\",\"inLanguage\":\"en-US\",\"@id\":\"https:\\\/\\\/puredesign.fi\\\/#\\\/schema\\\/logo\\\/image\\\/\",\"url\":\"https:\\\/\\\/puredesign.fi\\\/wp-content\\\/uploads\\\/2021\\\/05\\\/pure_design_logo.png\",\"contentUrl\":\"https:\\\/\\\/puredesign.fi\\\/wp-content\\\/uploads\\\/2021\\\/05\\\/pure_design_logo.png\",\"width\":151,\"height\":38,\"caption\":\"Pure Design\"},\"image\":{\"@id\":\"https:\\\/\\\/puredesign.fi\\\/#\\\/schema\\\/logo\\\/image\\\/\"}},{\"@type\":\"Person\",\"@id\":\"https:\\\/\\\/puredesign.fi\\\/#\\\/schema\\\/person\\\/a7df124e8116b78996bcc63462b1a47d\",\"name\":\"Esa Vesmanen\",\"url\":\"https:\\\/\\\/puredesign.fi\\\/en\\\/author\\\/esa\\\/\"}]}<\/script>\n<!-- \/ Yoast SEO plugin. -->","yoast_head_json":{"title":"Hungarian Cultural and Science Centre | Product design and interior design | Pure Design","description":"Combining light, transparency and colours with the bustling street traffic was the starting point in designing the Hungarian Cultural and Science Centre in Helsinki, Finland.","robots":{"index":"index","follow":"follow","max-snippet":"max-snippet:-1","max-image-preview":"max-image-preview:large","max-video-preview":"max-video-preview:-1"},"canonical":"https:\/\/puredesign.fi\/en\/unkarin-kulttuuri-ja-tiedekeskus\/","og_locale":"en_US","og_type":"article","og_title":"Unkarin kulttuuri- ja tiedekeskus | Tila- ja sisustussuunnittelu | Pure Design","og_description":"Unkarin kulttuuri- ja tiedekeskuksen sisustussuunnittelun on toteuttanut Pure Designin Esa Vesmanen. Lue lis\u00e4\u00e4.","og_url":"https:\/\/puredesign.fi\/en\/unkarin-kulttuuri-ja-tiedekeskus\/","og_site_name":"Puredesign","article_published_time":"2013-11-11T10:33:00+00:00","article_modified_time":"2024-09-24T15:34:54+00:00","og_image":[{"width":2560,"height":2017,"url":"https:\/\/puredesign.fi\/wp-content\/uploads\/2013\/11\/Esa_Vesmanen_Hungarian-culture-center-Helsinki-2004_Photo@Heli_Sorjonen_kuva2-scaled.jpg","type":"image\/jpeg"}],"author":"Esa Vesmanen","twitter_card":"summary_large_image","twitter_misc":{"Written by":"Esa Vesmanen","Est. reading time":"1 minute"},"schema":{"@context":"https:\/\/schema.org","@graph":[{"@type":"Article","@id":"https:\/\/puredesign.fi\/unkarin-kulttuuri-ja-tiedekeskus\/#article","isPartOf":{"@id":"https:\/\/puredesign.fi\/unkarin-kulttuuri-ja-tiedekeskus\/"},"author":{"name":"Esa Vesmanen","@id":"https:\/\/puredesign.fi\/#\/schema\/person\/a7df124e8116b78996bcc63462b1a47d"},"headline":"Unkarin kulttuuri- ja tiedekeskus &#8211; Toimistosuunnittelu ja kalustesuunnittelu","datePublished":"2013-11-11T10:33:00+00:00","dateModified":"2024-09-24T15:34:54+00:00","mainEntityOfPage":{"@id":"https:\/\/puredesign.fi\/unkarin-kulttuuri-ja-tiedekeskus\/"},"wordCount":131,"publisher":{"@id":"https:\/\/puredesign.fi\/#organization"},"image":{"@id":"https:\/\/puredesign.fi\/unkarin-kulttuuri-ja-tiedekeskus\/#primaryimage"},"thumbnailUrl":"https:\/\/puredesign.fi\/wp-content\/uploads\/2013\/11\/Esa_Vesmanen_Hungarian-culture-center-Helsinki-2004_Photo@Heli_Sorjonen_kuva2-scaled.jpg","articleSection":["Kaikki ty\u00f6t","Tilasuunnittelut","Tuotteet"],"inLanguage":"en-US"},{"@type":"WebPage","@id":"https:\/\/puredesign.fi\/unkarin-kulttuuri-ja-tiedekeskus\/","url":"https:\/\/puredesign.fi\/unkarin-kulttuuri-ja-tiedekeskus\/","name":"Hungarian Cultural and Science Centre | Product design and interior design | Pure Design","isPartOf":{"@id":"https:\/\/puredesign.fi\/#website"},"primaryImageOfPage":{"@id":"https:\/\/puredesign.fi\/unkarin-kulttuuri-ja-tiedekeskus\/#primaryimage"},"image":{"@id":"https:\/\/puredesign.fi\/unkarin-kulttuuri-ja-tiedekeskus\/#primaryimage"},"thumbnailUrl":"https:\/\/puredesign.fi\/wp-content\/uploads\/2013\/11\/Esa_Vesmanen_Hungarian-culture-center-Helsinki-2004_Photo@Heli_Sorjonen_kuva2-scaled.jpg","datePublished":"2013-11-11T10:33:00+00:00","dateModified":"2024-09-24T15:34:54+00:00","description":"Combining light, transparency and colours with the bustling street traffic was the starting point in designing the Hungarian Cultural and Science Centre in Helsinki, Finland.","breadcrumb":{"@id":"https:\/\/puredesign.fi\/unkarin-kulttuuri-ja-tiedekeskus\/#breadcrumb"},"inLanguage":"en-US","potentialAction":[{"@type":"ReadAction","target":["https:\/\/puredesign.fi\/unkarin-kulttuuri-ja-tiedekeskus\/"]}]},{"@type":"ImageObject","inLanguage":"en-US","@id":"https:\/\/puredesign.fi\/unkarin-kulttuuri-ja-tiedekeskus\/#primaryimage","url":"https:\/\/puredesign.fi\/wp-content\/uploads\/2013\/11\/Esa_Vesmanen_Hungarian-culture-center-Helsinki-2004_Photo@Heli_Sorjonen_kuva2-scaled.jpg","contentUrl":"https:\/\/puredesign.fi\/wp-content\/uploads\/2013\/11\/Esa_Vesmanen_Hungarian-culture-center-Helsinki-2004_Photo@Heli_Sorjonen_kuva2-scaled.jpg","width":2560,"height":2017},{"@type":"BreadcrumbList","@id":"https:\/\/puredesign.fi\/unkarin-kulttuuri-ja-tiedekeskus\/#breadcrumb","itemListElement":[{"@type":"ListItem","position":1,"name":"Etusivu","item":"https:\/\/puredesign.fi\/"},{"@type":"ListItem","position":2,"name":"Unkarin kulttuuri- ja tiedekeskus &#8211; Toimistosuunnittelu ja kalustesuunnittelu"}]},{"@type":"WebSite","@id":"https:\/\/puredesign.fi\/#website","url":"https:\/\/puredesign.fi\/","name":"Puredesign","description":"","publisher":{"@id":"https:\/\/puredesign.fi\/#organization"},"potentialAction":[{"@type":"SearchAction","target":{"@type":"EntryPoint","urlTemplate":"https:\/\/puredesign.fi\/?s={search_term_string}"},"query-input":{"@type":"PropertyValueSpecification","valueRequired":true,"valueName":"search_term_string"}}],"inLanguage":"en-US"},{"@type":"Organization","@id":"https:\/\/puredesign.fi\/#organization","name":"Pure Design","url":"https:\/\/puredesign.fi\/","logo":{"@type":"ImageObject","inLanguage":"en-US","@id":"https:\/\/puredesign.fi\/#\/schema\/logo\/image\/","url":"https:\/\/puredesign.fi\/wp-content\/uploads\/2021\/05\/pure_design_logo.png","contentUrl":"https:\/\/puredesign.fi\/wp-content\/uploads\/2021\/05\/pure_design_logo.png","width":151,"height":38,"caption":"Pure Design"},"image":{"@id":"https:\/\/puredesign.fi\/#\/schema\/logo\/image\/"}},{"@type":"Person","@id":"https:\/\/puredesign.fi\/#\/schema\/person\/a7df124e8116b78996bcc63462b1a47d","name":"Esa Vesmanen","url":"https:\/\/puredesign.fi\/en\/author\/esa\/"}]}},"_links":{"self":[{"href":"https:\/\/puredesign.fi\/en\/wp-json\/wp\/v2\/posts\/939","targetHints":{"allow":["GET"]}}],"collection":[{"href":"https:\/\/puredesign.fi\/en\/wp-json\/wp\/v2\/posts"}],"about":[{"href":"https:\/\/puredesign.fi\/en\/wp-json\/wp\/v2\/types\/post"}],"author":[{"embeddable":true,"href":"https:\/\/puredesign.fi\/en\/wp-json\/wp\/v2\/users\/2"}],"replies":[{"embeddable":true,"href":"https:\/\/puredesign.fi\/en\/wp-json\/wp\/v2\/comments?post=939"}],"version-history":[{"count":6,"href":"https:\/\/puredesign.fi\/en\/wp-json\/wp\/v2\/posts\/939\/revisions"}],"predecessor-version":[{"id":1747,"href":"https:\/\/puredesign.fi\/en\/wp-json\/wp\/v2\/posts\/939\/revisions\/1747"}],"wp:featuredmedia":[{"embeddable":true,"href":"https:\/\/puredesign.fi\/en\/wp-json\/wp\/v2\/media\/1745"}],"wp:attachment":[{"href":"https:\/\/puredesign.fi\/en\/wp-json\/wp\/v2\/media?parent=939"}],"wp:term":[{"taxonomy":"category","embeddable":true,"href":"https:\/\/puredesign.fi\/en\/wp-json\/wp\/v2\/categories?post=939"},{"taxonomy":"post_tag","embeddable":true,"href":"https:\/\/puredesign.fi\/en\/wp-json\/wp\/v2\/tags?post=939"}],"curies":[{"name":"wp","href":"https:\/\/api.w.org\/{rel}","templated":true}]}}